{"id":66207,"date":"2025-11-06T16:15:17","date_gmt":"2025-11-06T13:15:17","guid":{"rendered":"https:\/\/www.egemtv.com\/?p=66207"},"modified":"2025-11-06T16:15:19","modified_gmt":"2025-11-06T13:15:19","slug":"denizlili-ureten-kadinlar-e-ticaret-yolculuguna-devam-ediyor","status":"publish","type":"post","link":"https:\/\/www.egemtv.com\/?p=66207","title":{"rendered":"Denizlili \u00fcreten kad\u0131nlar e-ticaret yolculu\u011funa devam ediyor"},"content":{"rendered":"<p>G\u00fcney Ege Kalk\u0131nma Ajans\u0131 (GEKA) ve Trendyol i\u015fbirli\u011fiyle y\u00fcr\u00fct\u00fclen &#8220;\u00dcreten Kad\u0131nlar\u0131n E-Ticaret Yolculu\u011fu&#8221; projesi kapsam\u0131ndaki e\u011fitim program\u0131 devam ediyor. Kad\u0131n giri\u015fimcilerin dijital d\u00fcnyada daha g\u00f6r\u00fcn\u00fcr hale gelmelerini hedefleyen proje \u00e7er\u00e7evesinde, &#8220;Telefonla \u00dcr\u00fcn Foto\u011fraf\u00e7\u0131l\u0131\u011f\u0131&#8221; ba\u015fl\u0131kl\u0131 uygulamal\u0131 e\u011fitim d\u00fczenlendi.<br \/>\n<br \/>G\u00fcney Ege Kalk\u0131nma Ajans\u0131 (GEKA) ve Trendyol i\u015fbirli\u011fiyle Denizlili kad\u0131n giri\u015fimciler i\u00e7in d\u00fczenlenen e\u011fitimde, kad\u0131n \u00fcreticilerin ak\u0131ll\u0131 telefonlar\u0131yla profesyonel g\u00f6r\u00fcn\u00fcml\u00fc \u00fcr\u00fcn foto\u011fraflar\u0131 \u00e7ekebilmesi ve bu foto\u011fraflar\u0131 e-ticaret platformlar\u0131nda dikkat \u00e7ekici bi\u00e7imde payla\u015fabilmesi hedeflendi. Kat\u0131l\u0131mc\u0131lara \u00fcr\u00fcn foto\u011fraf\u0131n\u0131n sat\u0131\u015f \u00fczerindeki etkisi, do\u011fru kadraj ve a\u00e7\u0131 se\u00e7imi, \u0131\u015f\u0131k kullan\u0131m\u0131, kompozisyon olu\u015fturma, telefon kameras\u0131 ayarlar\u0131 ve g\u00f6rsel d\u00fczenleme ara\u00e7lar\u0131 gibi konularda detayl\u0131 bilgi verildi. E\u011fitimin uygulama b\u00f6l\u00fcm\u00fcnde kat\u0131l\u0131mc\u0131lar, kendi \u00fcr\u00fcnlerini farkl\u0131 a\u00e7\u0131lardan \u00e7ekerek \u0131\u015f\u0131k, kompozisyon ve renk dengesi \u00fczerine pratik yapt\u0131. \u00dccretsiz mobil uygulamalarla foto\u011fraf d\u00fczenleme \u00e7al\u0131\u015fmalar\u0131 da ger\u00e7ekle\u015ftirildi.<br \/><\/p>\n","protected":false},"excerpt":{"rendered":"<p>G\u00fcney Ege Kalk\u0131nma Ajans\u0131 (GEKA) ve Trendyol i\u015fbirli\u011fiyle y\u00fcr\u00fct\u00fclen &#8220;\u00dcreten Kad\u0131nlar\u0131n E-Ticaret Yolculu\u011fu&#8221; projesi kapsam\u0131ndaki e\u011fitim program\u0131 devam ediyor. Kad\u0131n giri\u015fimcilerin dijital d\u00fcnyada daha g\u00f6r\u00fcn\u00fcr hale gelmelerini hedefleyen proje \u00e7er\u00e7evesinde, &#8220;Telefonla \u00dcr\u00fcn Foto\u011fraf\u00e7\u0131l\u0131\u011f\u0131&#8221; ba\u015fl\u0131kl\u0131 uygulamal\u0131 e\u011fitim d\u00fczenlendi. G\u00fcney Ege Kalk\u0131nma Ajans\u0131 (GEKA) ve Trendyol i\u015fbirli\u011fiyle Denizlili kad\u0131n giri\u015fimciler i\u00e7in d\u00fczenlenen e\u011fitimde, kad\u0131n \u00fcreticilerin ak\u0131ll\u0131 telefonlar\u0131yla&#8230;<\/p>\n","protected":false},"author":1,"featured_media":66208,"comment_status":"open","ping_status":"open","sticky":false,"template":"","format":"standard","meta":{"_crdt_document":"","footnotes":""},"categories":[125],"tags":[],"class_list":["post-66207","post","type-post","status-publish","format-standard","has-post-thumbnail","hentry","category-ekonomi"],"_links":{"self":[{"href":"https:\/\/www.egemtv.com\/index.php?rest_route=\/wp\/v2\/posts\/66207","targetHints":{"allow":["GET"]}}],"collection":[{"href":"https:\/\/www.egemtv.com\/index.php?rest_route=\/wp\/v2\/posts"}],"about":[{"href":"https:\/\/www.egemtv.com\/index.php?rest_route=\/wp\/v2\/types\/post"}],"author":[{"embeddable":true,"href":"https:\/\/www.egemtv.com\/index.php?rest_route=\/wp\/v2\/users\/1"}],"replies":[{"embeddable":true,"href":"https:\/\/www.egemtv.com\/index.php?rest_route=%2Fwp%2Fv2%2Fcomments&post=66207"}],"version-history":[{"count":1,"href":"https:\/\/www.egemtv.com\/index.php?rest_route=\/wp\/v2\/posts\/66207\/revisions"}],"predecessor-version":[{"id":66209,"href":"https:\/\/www.egemtv.com\/index.php?rest_route=\/wp\/v2\/posts\/66207\/revisions\/66209"}],"wp:featuredmedia":[{"embeddable":true,"href":"https:\/\/www.egemtv.com\/index.php?rest_route=\/wp\/v2\/media\/66208"}],"wp:attachment":[{"href":"https:\/\/www.egemtv.com\/index.php?rest_route=%2Fwp%2Fv2%2Fmedia&parent=66207"}],"wp:term":[{"taxonomy":"category","embeddable":true,"href":"https:\/\/www.egemtv.com\/index.php?rest_route=%2Fwp%2Fv2%2Fcategories&post=66207"},{"taxonomy":"post_tag","embeddable":true,"href":"https:\/\/www.egemtv.com\/index.php?rest_route=%2Fwp%2Fv2%2Ftags&post=66207"}],"curies":[{"name":"wp","href":"https:\/\/api.w.org\/{rel}","templated":true}]}}