{"id":66204,"date":"2025-11-06T15:54:51","date_gmt":"2025-11-06T12:54:51","guid":{"rendered":"https:\/\/www.egemtv.com\/?p=66204"},"modified":"2025-11-06T15:54:54","modified_gmt":"2025-11-06T12:54:54","slug":"obruklarin-olustugu-duvarlarin-catladigi-egirdirde-afad-incelemeleri-suruyor","status":"publish","type":"post","link":"https:\/\/www.egemtv.com\/?p=66204","title":{"rendered":"Obruklar\u0131n olu\u015ftu\u011fu, duvarlar\u0131n \u00e7atlad\u0131\u011f\u0131 E\u011firdir\u2019de AFAD incelemeleri s\u00fcr\u00fcyor"},"content":{"rendered":"<p>Isparta\u2019n\u0131n E\u011firdir il\u00e7esinde meydana gelen obruklar ve baz\u0131 evlerin duvarlar\u0131ndaki \u00e7atlaklarla ilgili AFAD ekipleri b\u00f6lgede incelemelerini s\u00fcrd\u00fcr\u00fcrken Ziraat Odas\u0131 Ba\u015fkan\u0131 M\u00fcstahattin Can Sel\u00e7uk, &#8220;Burada olu\u015fan yar\u0131klar bir fay hatt\u0131 m\u0131 yoksa susuzluktan kaynakl\u0131 bir do\u011fa olay\u0131 m\u0131 yap\u0131lan inceleme sonras\u0131 belli olacak&#8221; dedi.<br \/>\n<br \/>E\u011firdir il\u00e7esi Ba\u011flar Mahallesi \u00c7i\u00e7eklikaya mevkiindeki bir elma bah\u00e7esinde, yakla\u015f\u0131k 1 metre derinli\u011finde obruklar meydana geldi. Obruklar\u0131n \u00e7evresinde toprakta \u00e7\u00f6kme izlerine rastlan\u0131rken, bah\u00e7e i\u00e7erisinde yer alan evin duvarlar\u0131nda da g\u00f6zle g\u00f6r\u00fcl\u00fcr \u00e7atlaklar olu\u015ftu. Olay\u0131n ard\u0131ndan b\u00f6lgeye gelen Isparta \u0130l Afet ve Acil Durum M\u00fcd\u00fcrl\u00fc\u011f\u00fc (AFAD) ekipleri, alanda \u00f6n inceleme \u00e7al\u0131\u015fmas\u0131 ger\u00e7ekle\u015ftirdi. Yap\u0131lan ilk tespitlerde obruklar\u0131n \u00e7evresinde zemin deformasyonu ve yap\u0131 duvarlar\u0131nda ilerleyen \u00e7atlaklar bulundu\u011fu belirlendi. AFAD teknik ekibinin b\u00f6lgede ba\u015flatt\u0131\u011f\u0131 detayl\u0131 incelemelerin bug\u00fcn de devam etti\u011fi \u00f6\u011frenildi. Ekipler, obruklar\u0131n \u00e7evresinde ve \u00e7atlaklar\u0131n olu\u015ftu\u011fu yap\u0131larda \u00f6l\u00e7\u00fcm ve g\u00f6zlem \u00e7al\u0131\u015fmalar\u0131n\u0131 s\u00fcrd\u00fcr\u00fcyor. Yetkililer, \u00f6n de\u011ferlendirmelerin ard\u0131ndan b\u00f6lgede &#8220;jeolojik ve zemin et\u00fct \u00e7al\u0131\u015fmalar\u0131&#8221; yap\u0131laca\u011f\u0131n\u0131 bildirdi.<\/p>\n<p>&#8220;\u00c7ift\u00e7ilerimizden \u00f6zellikle su konusunda daha duyarl\u0131 olmalar\u0131n\u0131 istiyorum&#8221;<br \/>\n<br \/>Isparta Ziraat Odas\u0131 Ba\u015fkan\u0131 M\u00fcstahattin Can Sel\u00e7uk, ya\u015fanan olay\u0131n b\u00f6lge i\u00e7in endi\u015fe verici oldu\u011funu belirterek, &#8220;Burada bir bah\u00e7emiz, bah\u00e7emizin bulundu\u011fu yerde de bir ev var. \u015eu an da AFAD ekiplerimiz burada incelemelerini ger\u00e7ekle\u015ftiriyor. \u015eimdi bu olay\u0131n fay hatt\u0131ndan kaynakl\u0131 m\u0131 yoksa susuzluktan olay\u0131 olan bir do\u011fa olay\u0131 m\u0131 oldu\u011funu incelemelerden sonra anlayaca\u011f\u0131z. Buradaki t\u00fcm vatanda\u015flara ge\u00e7mi\u015f olsun dileklerimi iletiyorum. Malum \u015fu anda biz bir meyve iliyiz. Bu y\u0131l da E\u011firdir G\u00f6l\u00fc\u2019nden su verilmedi\u011fi i\u00e7in \u00e7ift\u00e7ilerimiz sondaja y\u00fcklendi. Onlar da hakl\u0131lar. Burada su olmazsa e\u011fer meyveler b\u00fcy\u00fcmez. Burada insanlar\u0131m\u0131z\u0131n suyu daha dikkatli kullanmas\u0131n\u0131 s\u00f6ylemem gerekiyor. \u00c7ift\u00e7ilerimizden \u00f6zellikle su konusunda daha duyarl\u0131 olmalar\u0131n\u0131 istiyorum. Bu obruklar\u0131 daha \u00f6nce Konya ilimizde s\u0131k s\u0131k g\u00f6r\u00fcyorduk. Buras\u0131 da ayn\u0131 \u015fekilde olmas\u0131n diye elimizden geleni yap\u0131yoruz&#8221; dedi.<br \/>\n<br \/>Uzman ekiplerin haz\u0131rlayaca\u011f\u0131 rapor do\u011frultusunda, b\u00f6lgede gerekli g\u00fcvenlik \u00f6nlemlerinin art\u0131r\u0131laca\u011f\u0131 ve muhtemel risklere kar\u015f\u0131 \u00f6nlem plan\u0131 haz\u0131rlanaca\u011f\u0131 bildirildi.<br \/><\/p>\n","protected":false},"excerpt":{"rendered":"<p>Isparta\u2019n\u0131n E\u011firdir il\u00e7esinde meydana gelen obruklar ve baz\u0131 evlerin duvarlar\u0131ndaki \u00e7atlaklarla ilgili AFAD ekipleri b\u00f6lgede incelemelerini s\u00fcrd\u00fcr\u00fcrken Ziraat Odas\u0131 Ba\u015fkan\u0131 M\u00fcstahattin Can Sel\u00e7uk, &#8220;Burada olu\u015fan yar\u0131klar bir fay hatt\u0131 m\u0131 yoksa susuzluktan kaynakl\u0131 bir do\u011fa olay\u0131 m\u0131 yap\u0131lan inceleme sonras\u0131 belli olacak&#8221; dedi. E\u011firdir il\u00e7esi Ba\u011flar Mahallesi \u00c7i\u00e7eklikaya mevkiindeki bir elma bah\u00e7esinde, yakla\u015f\u0131k 1 metre&#8230;<\/p>\n","protected":false},"author":1,"featured_media":66205,"comment_status":"open","ping_status":"open","sticky":false,"template":"","format":"standard","meta":{"_crdt_document":"","footnotes":""},"categories":[1],"tags":[],"class_list":["post-66204","post","type-post","status-publish","format-standard","has-post-thumbnail","hentry","category-guncel"],"_links":{"self":[{"href":"https:\/\/www.egemtv.com\/index.php?rest_route=\/wp\/v2\/posts\/66204","targetHints":{"allow":["GET"]}}],"collection":[{"href":"https:\/\/www.egemtv.com\/index.php?rest_route=\/wp\/v2\/posts"}],"about":[{"href":"https:\/\/www.egemtv.com\/index.php?rest_route=\/wp\/v2\/types\/post"}],"author":[{"embeddable":true,"href":"https:\/\/www.egemtv.com\/index.php?rest_route=\/wp\/v2\/users\/1"}],"replies":[{"embeddable":true,"href":"https:\/\/www.egemtv.com\/index.php?rest_route=%2Fwp%2Fv2%2Fcomments&post=66204"}],"version-history":[{"count":1,"href":"https:\/\/www.egemtv.com\/index.php?rest_route=\/wp\/v2\/posts\/66204\/revisions"}],"predecessor-version":[{"id":66206,"href":"https:\/\/www.egemtv.com\/index.php?rest_route=\/wp\/v2\/posts\/66204\/revisions\/66206"}],"wp:featuredmedia":[{"embeddable":true,"href":"https:\/\/www.egemtv.com\/index.php?rest_route=\/wp\/v2\/media\/66205"}],"wp:attachment":[{"href":"https:\/\/www.egemtv.com\/index.php?rest_route=%2Fwp%2Fv2%2Fmedia&parent=66204"}],"wp:term":[{"taxonomy":"category","embeddable":true,"href":"https:\/\/www.egemtv.com\/index.php?rest_route=%2Fwp%2Fv2%2Fcategories&post=66204"},{"taxonomy":"post_tag","embeddable":true,"href":"https:\/\/www.egemtv.com\/index.php?rest_route=%2Fwp%2Fv2%2Ftags&post=66204"}],"curies":[{"name":"wp","href":"https:\/\/api.w.org\/{rel}","templated":true}]}}