{"id":66201,"date":"2025-11-06T15:34:55","date_gmt":"2025-11-06T12:34:55","guid":{"rendered":"https:\/\/www.egemtv.com\/?p=66201"},"modified":"2025-11-06T15:34:57","modified_gmt":"2025-11-06T12:34:57","slug":"konak-belediyesi-operasyonunda-karara-itiraz-2-tutuklama","status":"publish","type":"post","link":"https:\/\/www.egemtv.com\/?p=66201","title":{"rendered":"Konak Belediyesi operasyonunda karara itiraz: 2 tutuklama"},"content":{"rendered":"<p>Konak Belediyesi\u2019nin iki ihalesine ili\u015fkin &#8220;edimin ifas\u0131na fesat kar\u0131\u015ft\u0131rma&#8221; soru\u015fturmas\u0131nda, adli kontrolle serbest b\u0131rak\u0131lan \u015f\u00fcpheliler hakk\u0131nda Cumhuriyet Ba\u015fsavc\u0131l\u0131\u011f\u0131 itirazda bulundu. \u0130z-TARIM\u2019daki yap\u0131m i\u015fi ihalesinde usuls\u00fczl\u00fck yap\u0131ld\u0131\u011f\u0131 iddias\u0131yla y\u00fcr\u00fct\u00fclen soru\u015fturmada 2 \u015f\u00fcpheli tutukland\u0131.<br \/>\n<br \/>\u0130zmir B\u00fcy\u00fck\u015fehir Belediyesi i\u015ftiraki olan \u0130Z-TARIM\u2019da yap\u0131m ihalesinde usuls\u00fczl\u00fck oldu\u011funa dair \u0130zmir B\u00fcy\u00fck\u015fehir Belediye Ba\u015fkanl\u0131\u011f\u0131 Tefti\u015f Kurulu Ba\u015fkanl\u0131\u011f\u0131n\u0131n tevdi raporu ve Konak Belediyesi\u2019nde Avrupa Birli\u011fi destekli SPACE (Fark\u0131ndal\u0131k, \u0130klim ve \u00c7evre \u0130\u00e7in Stratejik Ortakl\u0131k) projesi kapsam\u0131nda ger\u00e7ekle\u015ftirilen hizmet ihalesinde usuls\u00fczl\u00fck yap\u0131ld\u0131\u011f\u0131 y\u00f6n\u00fcndeki bir belediye \u00e7al\u0131\u015fan\u0131n\u0131n \u015fikayeti \u00fczerine \u0130zmir Cumhuriyet Ba\u015fsavc\u0131l\u0131\u011f\u0131 taraf\u0131ndan bir soru\u015fturma ba\u015flat\u0131ld\u0131. Soru\u015fturma kapsam\u0131nda, \u0130l Emniyet M\u00fcd\u00fcrl\u00fc\u011f\u00fc Mali Su\u00e7larla M\u00fccadele \u015eube M\u00fcd\u00fcrl\u00fc\u011f\u00fc ekiplerince d\u00fcn sabah saatlerinde \u0130zmir ve Erzincan\u2019da e\u015f zamanl\u0131 operasyon d\u00fczenledi. Konak Belediyesi AR-GE M\u00fcd\u00fcr\u00fc Kamuran B\u00fclent K., \u0130zmir B\u00fcy\u00fck\u015fehir Belediyesine ba\u011fl\u0131 eski \u0130Z-TARIM A.\u015e. Genel M\u00fcd\u00fcr\u00fc ve \u015eirketin \u0130hale Yetkilisi Murat O.\u2019nun da aralar\u0131nda bulundu\u011fu 5 ki\u015fi yakalanarak g\u00f6zalt\u0131na al\u0131nd\u0131. \u015e\u00fcpheliler, bug\u00fcn tutuklama istemiyle savc\u0131l\u0131\u011fa sevk edildi.<\/p>\n<p>2 tutuklama<br \/>\n<br \/>G\u00f6zalt\u0131na al\u0131nan K.B.K., D.K. ve A.\u0130., sevk edildikleri savc\u0131l\u0131k taraf\u0131ndan adli kontrol \u015fart\u0131yla serbest b\u0131rak\u0131ld\u0131. Kararda, \u015f\u00fcpheli K.B.K taraf\u0131ndan Konak Belediye Ba\u015fkanl\u0131\u011f\u0131 hesab\u0131na 209 bin 933 TL havale yap\u0131ld\u0131\u011f\u0131n\u0131 g\u00f6steren dekontun de\u011ferlendirmeye al\u0131nd\u0131\u011f\u0131n\u0131 bildirildi. Ancak \u0130zmir Cumhuriyet Ba\u015fsavc\u0131l\u0131\u011f\u0131, \u015f\u00fcphelilerin tutuklu yarg\u0131lanmalar\u0131 talebiyle karara itiraz etti. Ayr\u0131ca \u0130z-Tar\u0131m\u2019da yap\u0131m i\u015fiyle ilgili olarak &#8220;edimin ifas\u0131na fesat kar\u0131\u015ft\u0131rmak&#8221; su\u00e7undan y\u00fcr\u00fct\u00fclen soru\u015fturmada \u015f\u00fcpheliler Y\u00fcklenici Firma Kanuni Temsilcisi O.\u00d6. ile eski \u0130Z-TARIM A.\u015e. Genel M\u00fcd\u00fcr\u00fc ve \u015eirketin \u0130hale Yetkilisi M.O., \u0130zmir 6. Sulh Ceza Hakimli\u011fi\u2019nin karar\u0131yla tutukland\u0131.<br \/><\/p>\n","protected":false},"excerpt":{"rendered":"<p>Konak Belediyesi\u2019nin iki ihalesine ili\u015fkin &#8220;edimin ifas\u0131na fesat kar\u0131\u015ft\u0131rma&#8221; soru\u015fturmas\u0131nda, adli kontrolle serbest b\u0131rak\u0131lan \u015f\u00fcpheliler hakk\u0131nda Cumhuriyet Ba\u015fsavc\u0131l\u0131\u011f\u0131 itirazda bulundu. \u0130z-TARIM\u2019daki yap\u0131m i\u015fi ihalesinde usuls\u00fczl\u00fck yap\u0131ld\u0131\u011f\u0131 iddias\u0131yla y\u00fcr\u00fct\u00fclen soru\u015fturmada 2 \u015f\u00fcpheli tutukland\u0131. \u0130zmir B\u00fcy\u00fck\u015fehir Belediyesi i\u015ftiraki olan \u0130Z-TARIM\u2019da yap\u0131m ihalesinde usuls\u00fczl\u00fck oldu\u011funa dair \u0130zmir B\u00fcy\u00fck\u015fehir Belediye Ba\u015fkanl\u0131\u011f\u0131 Tefti\u015f Kurulu Ba\u015fkanl\u0131\u011f\u0131n\u0131n tevdi raporu ve Konak Belediyesi\u2019nde&#8230;<\/p>\n","protected":false},"author":1,"featured_media":66202,"comment_status":"open","ping_status":"open","sticky":false,"template":"","format":"standard","meta":{"_crdt_document":"","footnotes":""},"categories":[5],"tags":[],"class_list":["post-66201","post","type-post","status-publish","format-standard","has-post-thumbnail","hentry","category-asayis"],"_links":{"self":[{"href":"https:\/\/www.egemtv.com\/index.php?rest_route=\/wp\/v2\/posts\/66201","targetHints":{"allow":["GET"]}}],"collection":[{"href":"https:\/\/www.egemtv.com\/index.php?rest_route=\/wp\/v2\/posts"}],"about":[{"href":"https:\/\/www.egemtv.com\/index.php?rest_route=\/wp\/v2\/types\/post"}],"author":[{"embeddable":true,"href":"https:\/\/www.egemtv.com\/index.php?rest_route=\/wp\/v2\/users\/1"}],"replies":[{"embeddable":true,"href":"https:\/\/www.egemtv.com\/index.php?rest_route=%2Fwp%2Fv2%2Fcomments&post=66201"}],"version-history":[{"count":1,"href":"https:\/\/www.egemtv.com\/index.php?rest_route=\/wp\/v2\/posts\/66201\/revisions"}],"predecessor-version":[{"id":66203,"href":"https:\/\/www.egemtv.com\/index.php?rest_route=\/wp\/v2\/posts\/66201\/revisions\/66203"}],"wp:featuredmedia":[{"embeddable":true,"href":"https:\/\/www.egemtv.com\/index.php?rest_route=\/wp\/v2\/media\/66202"}],"wp:attachment":[{"href":"https:\/\/www.egemtv.com\/index.php?rest_route=%2Fwp%2Fv2%2Fmedia&parent=66201"}],"wp:term":[{"taxonomy":"category","embeddable":true,"href":"https:\/\/www.egemtv.com\/index.php?rest_route=%2Fwp%2Fv2%2Fcategories&post=66201"},{"taxonomy":"post_tag","embeddable":true,"href":"https:\/\/www.egemtv.com\/index.php?rest_route=%2Fwp%2Fv2%2Ftags&post=66201"}],"curies":[{"name":"wp","href":"https:\/\/api.w.org\/{rel}","templated":true}]}}