{"id":66198,"date":"2025-11-06T15:34:49","date_gmt":"2025-11-06T12:34:49","guid":{"rendered":"https:\/\/www.egemtv.com\/?p=66198"},"modified":"2025-11-06T15:34:53","modified_gmt":"2025-11-06T12:34:53","slug":"tarim-ve-orman-mudurlugu-personellerine-is-guvenligi-egitimi","status":"publish","type":"post","link":"https:\/\/www.egemtv.com\/?p=66198","title":{"rendered":"Tar\u0131m ve Orman M\u00fcd\u00fcrl\u00fc\u011f\u00fc personellerine i\u015f g\u00fcvenli\u011fi e\u011fitimi"},"content":{"rendered":"<p>Afyonkarahisar Tar\u0131m ve Orman \u0130l M\u00fcd\u00fcrl\u00fc\u011f\u00fc taraf\u0131ndan il\u00e7e m\u00fcd\u00fcrl\u00fc\u011f\u00fc personellerine y\u00f6nelik i\u015f g\u00fcvenli\u011fi e\u011fitim toplant\u0131s\u0131 ger\u00e7ekle\u015ftirildi.<br \/>\n<br \/>E\u011fitim \u00e7al\u0131\u015fmalar\u0131n\u0131n Bolvadin, Emirda\u011f, \u00c7obanlar ve Sultanda\u011f\u0131 \u0130l\u00e7e Tar\u0131m ve Orman M\u00fcd\u00fcrl\u00fcklerinde yap\u0131ld\u0131\u011f\u0131 belirtildi. Ger\u00e7ekle\u015ftirilen e\u011fitim \u00e7al\u0131\u015fmas\u0131 sonras\u0131 kurumdan yap\u0131lan yaz\u0131l\u0131 a\u00e7\u0131klamada, &#8220;\u0130l\u00e7e m\u00fcd\u00fcrl\u00fcklerimizde \u00e7al\u0131\u015fan personelimize, kurumumuz i\u015f g\u00fcvenli\u011fi uzmanlar\u0131 taraf\u0131ndan ilgili kanun \u00e7er\u00e7evesinde temel i\u015f sa\u011fl\u0131\u011f\u0131 ve g\u00fcvenli\u011fi e\u011fitimi verilmi\u015ftir&#8221; ifadelerine yer verildi.<br \/><\/p>\n","protected":false},"excerpt":{"rendered":"<p>Afyonkarahisar Tar\u0131m ve Orman \u0130l M\u00fcd\u00fcrl\u00fc\u011f\u00fc taraf\u0131ndan il\u00e7e m\u00fcd\u00fcrl\u00fc\u011f\u00fc personellerine y\u00f6nelik i\u015f g\u00fcvenli\u011fi e\u011fitim toplant\u0131s\u0131 ger\u00e7ekle\u015ftirildi. E\u011fitim \u00e7al\u0131\u015fmalar\u0131n\u0131n Bolvadin, Emirda\u011f, \u00c7obanlar ve Sultanda\u011f\u0131 \u0130l\u00e7e Tar\u0131m ve Orman M\u00fcd\u00fcrl\u00fcklerinde yap\u0131ld\u0131\u011f\u0131 belirtildi. Ger\u00e7ekle\u015ftirilen e\u011fitim \u00e7al\u0131\u015fmas\u0131 sonras\u0131 kurumdan yap\u0131lan yaz\u0131l\u0131 a\u00e7\u0131klamada, &#8220;\u0130l\u00e7e m\u00fcd\u00fcrl\u00fcklerimizde \u00e7al\u0131\u015fan personelimize, kurumumuz i\u015f g\u00fcvenli\u011fi uzmanlar\u0131 taraf\u0131ndan ilgili kanun \u00e7er\u00e7evesinde temel i\u015f sa\u011fl\u0131\u011f\u0131 ve g\u00fcvenli\u011fi&#8230;<\/p>\n","protected":false},"author":1,"featured_media":66199,"comment_status":"open","ping_status":"open","sticky":false,"template":"","format":"standard","meta":{"_crdt_document":"","footnotes":""},"categories":[1],"tags":[],"class_list":["post-66198","post","type-post","status-publish","format-standard","has-post-thumbnail","hentry","category-guncel"],"_links":{"self":[{"href":"https:\/\/www.egemtv.com\/index.php?rest_route=\/wp\/v2\/posts\/66198","targetHints":{"allow":["GET"]}}],"collection":[{"href":"https:\/\/www.egemtv.com\/index.php?rest_route=\/wp\/v2\/posts"}],"about":[{"href":"https:\/\/www.egemtv.com\/index.php?rest_route=\/wp\/v2\/types\/post"}],"author":[{"embeddable":true,"href":"https:\/\/www.egemtv.com\/index.php?rest_route=\/wp\/v2\/users\/1"}],"replies":[{"embeddable":true,"href":"https:\/\/www.egemtv.com\/index.php?rest_route=%2Fwp%2Fv2%2Fcomments&post=66198"}],"version-history":[{"count":1,"href":"https:\/\/www.egemtv.com\/index.php?rest_route=\/wp\/v2\/posts\/66198\/revisions"}],"predecessor-version":[{"id":66200,"href":"https:\/\/www.egemtv.com\/index.php?rest_route=\/wp\/v2\/posts\/66198\/revisions\/66200"}],"wp:featuredmedia":[{"embeddable":true,"href":"https:\/\/www.egemtv.com\/index.php?rest_route=\/wp\/v2\/media\/66199"}],"wp:attachment":[{"href":"https:\/\/www.egemtv.com\/index.php?rest_route=%2Fwp%2Fv2%2Fmedia&parent=66198"}],"wp:term":[{"taxonomy":"category","embeddable":true,"href":"https:\/\/www.egemtv.com\/index.php?rest_route=%2Fwp%2Fv2%2Fcategories&post=66198"},{"taxonomy":"post_tag","embeddable":true,"href":"https:\/\/www.egemtv.com\/index.php?rest_route=%2Fwp%2Fv2%2Ftags&post=66198"}],"curies":[{"name":"wp","href":"https:\/\/api.w.org\/{rel}","templated":true}]}}