{"id":66195,"date":"2025-11-06T14:56:04","date_gmt":"2025-11-06T11:56:04","guid":{"rendered":"https:\/\/www.egemtv.com\/?p=66195"},"modified":"2025-11-06T14:56:08","modified_gmt":"2025-11-06T11:56:08","slug":"mugla-buyuksehir-ekipleri-anne-kiz-icin-tum-imkanlari-seferber-etti","status":"publish","type":"post","link":"https:\/\/www.egemtv.com\/?p=66195","title":{"rendered":"Mu\u011fla B\u00fcy\u00fck\u015fehir ekipleri anne-k\u0131z i\u00e7in t\u00fcm imk\u00e2nlar\u0131 seferber etti"},"content":{"rendered":"<p>Mu\u011fla B\u00fcy\u00fck\u015fehir Belediyesi Mu\u011fla\u2019n\u0131n Milas il\u00e7esi Kap\u0131k\u0131r\u0131 Mahallesi\u2019nde ya\u015fayan 88 ya\u015f\u0131ndaki Behiye Burnak ve \u00f6zel ihtiya\u00e7 sahibi k\u0131z\u0131 Fatma Burnak i\u00e7in t\u00fcm imk\u00e2nlar\u0131n\u0131 seferber etti. Aileye K\u0131rsaldaki \u00c7\u0131narlar, Engelli Nakil ve en son olarak da Sosyal Yard\u0131m Kart\u0131 deste\u011fi verildi. Burnak ailesinin hik\u00e2yesi yerel ve ulusal bas\u0131nda geni\u015f yer bulmu\u015f, aileyi Mu\u011fla Valisi Say\u0131n Dr. \u0130dris Akb\u0131y\u0131k da ziyaret etmi\u015fti.<br \/>\n<br \/>30 y\u0131ld\u0131r \u00f6zel ihtiya\u00e7l\u0131 k\u0131z\u0131na hem annelik, hem babal\u0131k yapan Behiye Burnak ve 59 ya\u015f\u0131ndaki k\u0131z\u0131 Fatma Burnak i\u00e7in B\u00fcy\u00fck\u015fehir Belediyesi K\u0131rsaldaki \u00c7\u0131narlar hizmetini devreye sokarak ailenin ya\u015fad\u0131\u011f\u0131 evi d\u00fczenli olarak temizlemeye ba\u015flad\u0131. Her hafta d\u00fczenli olarak ekipler eve giderek temizlik, bak\u0131m ve tamir i\u015flerini ger\u00e7ekle\u015ftiriyor. B\u00fcy\u00fck\u015fehir Belediyesi Hasta Nakil hizmeti ile de \u00f6zel ihtiya\u00e7l\u0131 Fatma Burnak\u2019\u0131n sa\u011fl\u0131k kurulu\u015flar\u0131na ula\u015f\u0131m\u0131n\u0131 sa\u011fl\u0131yor. Burnak ailesi i\u00e7in maddi destek sa\u011flamak amac\u0131yla Mu\u011fla Kart ve buna ek olarak emekli yard\u0131m\u0131n\u0131 devreye sokan B\u00fcy\u00fck\u015fehir Belediyesi aileyi ziyaret ederek sosyal yard\u0131m kart\u0131n\u0131 teslim etti.<br \/>\n<br \/>Fatma Burnak, B\u00fcy\u00fck\u015fehir Belediyesi\u2019nin deste\u011finden duydu\u011fu memnuniyeti dile getirerek, &#8220;B\u00fcy\u00fck\u015fehir Belediyemiz sa\u011f olsun evimize gelerek temizlik hizmetine ba\u015flam\u0131\u015ft\u0131. Engelli nakil arac\u0131yla da i\u015flerimi kolayca halledebilmemi sa\u011flad\u0131lar. Bug\u00fcnde beni ve annemi ziyaret ederek sosyal yard\u0131m kart\u0131m\u0131 teslim ettiler. Sosyal yard\u0131m kart\u0131 ile ila\u00e7lar\u0131m\u0131z\u0131 alabilece\u011fimizi, al\u0131\u015fveri\u015f yapabilece\u011fimizi s\u00f6ylediler ve bizi bilgilendirdiler. B\u00fcy\u00fck\u015fehir Belediye Ba\u015fkan\u0131m\u0131z Ahmet Aras, sa\u011f olsun sesimizi duydu ve yard\u0131mlar\u0131n\u0131 eksik etmedi&#8221; diye konu\u015ftu.<br \/>\n<br \/>85 ya\u015f\u0131ndaki Anne Behiye Burnak ise, &#8220;Sosyal yard\u0131m kart\u0131m\u0131z\u0131 evimize gelerek teslim ettiler. Al\u0131\u015fveri\u015fimizi ihtiya\u00e7lar\u0131m\u0131z\u0131 bu karttan sa\u011flayabilece\u011fiz. Ahmet Ba\u015fkan\u0131m\u0131za \u00e7ok te\u015fekk\u00fcr ederim, kendisinden Allah raz\u0131 olsun&#8221; ifadelerini kulland\u0131.<br \/>\n<br \/>Mu\u011fla B\u00fcy\u00fck\u015fehir Belediyesi Sa\u011fl\u0131k ve Sosyal Hizmetler Dairesi\u2019nde g\u00f6revli Sosyal Hizmet Uzman\u0131 Cem Tuncaelli, &#8220;Mu\u011fla B\u00fcy\u00fck\u015fehir Belediyesi olarak Behiye Teyze ve k\u0131z\u0131 Fatma i\u00e7in seferber olduk. Ailemizin hem sosyal yard\u0131m kart\u0131ndan faydalanabilmesi hem de evde bak\u0131m ve temizlik hizmetimizden yararlanabilmesi i\u00e7in gerekli i\u015flemleri tamamlad\u0131k. Bug\u00fcn de Behiye Teyze ve k\u0131z\u0131 Fatma\u2019y\u0131 evlerinde ziyaret ederek sosyal yard\u0131m kartlar\u0131n\u0131 teslim ettik ve temizlik \u00e7al\u0131\u015fmas\u0131 ger\u00e7ekle\u015ftirdik&#8221; \u015feklinde konu\u015ftu.<br \/>\n<br \/>Ba\u015fkan Aras: &#8220;Kimsenin kendini yaln\u0131z hissetmedi\u011fi bir Mu\u011fla i\u00e7in \u00e7al\u0131\u015f\u0131yoruz&#8221;<br \/>\n<br \/>K\u0131y\u0131 Ege Belediyeler Birli\u011fi ve Mu\u011fla B\u00fcy\u00fck\u015fehir Belediye Ba\u015fkan\u0131 Ahmet Aras, &#8220;Mu\u011fla\u2019m\u0131zda \u00f6zel ihtiya\u00e7l\u0131 vatanda\u015flar\u0131m\u0131z\u0131n ve ailelerinin ya\u015fam\u0131n\u0131 kolayla\u015ft\u0131rmak, sosyal hayata kat\u0131l\u0131mlar\u0131n\u0131 art\u0131rmak i\u00e7in \u00e7al\u0131\u015fmalar\u0131m\u0131za devam ediyoruz. Sosyal yard\u0131m, k\u0131sa mola, evde bak\u0131m ve temizlik gibi hizmetlerle hem vatanda\u015flar\u0131m\u0131z\u0131n y\u00fck\u00fcn\u00fc hafifletiyor hem de onlar\u0131n ya\u015fam kalitesini art\u0131r\u0131yoruz.<br \/>\n<br \/>Behiye Teyzemiz ve k\u0131z\u0131 Fatma gibi bir\u00e7ok ailemize ula\u015f\u0131yoruz. Onlar\u0131n g\u00fcnl\u00fck ya\u015famlar\u0131n\u0131 biraz olsun kolayla\u015ft\u0131rabiliyorsak bu bizim i\u00e7in en b\u00fcy\u00fck mutluluk. Engelsiz bir Mu\u011fla hedefiyle \u00e7\u0131kt\u0131\u011f\u0131m\u0131z yolda, dayan\u0131\u015fmay\u0131 b\u00fcy\u00fctmeye, kimsenin kendini yaln\u0131z hissetmedi\u011fi bir Mu\u011fla in\u015fa etmeye kararl\u0131y\u0131z. Bu dayan\u0131\u015fmay\u0131 b\u00fcy\u00fctmeye devam edece\u011fiz&#8221; dedi.<br \/><\/p>\n","protected":false},"excerpt":{"rendered":"<p>Mu\u011fla B\u00fcy\u00fck\u015fehir Belediyesi Mu\u011fla\u2019n\u0131n Milas il\u00e7esi Kap\u0131k\u0131r\u0131 Mahallesi\u2019nde ya\u015fayan 88 ya\u015f\u0131ndaki Behiye Burnak ve \u00f6zel ihtiya\u00e7 sahibi k\u0131z\u0131 Fatma Burnak i\u00e7in t\u00fcm imk\u00e2nlar\u0131n\u0131 seferber etti. Aileye K\u0131rsaldaki \u00c7\u0131narlar, Engelli Nakil ve en son olarak da Sosyal Yard\u0131m Kart\u0131 deste\u011fi verildi. Burnak ailesinin hik\u00e2yesi yerel ve ulusal bas\u0131nda geni\u015f yer bulmu\u015f, aileyi Mu\u011fla Valisi Say\u0131n Dr&#8230;.<\/p>\n","protected":false},"author":1,"featured_media":66196,"comment_status":"open","ping_status":"open","sticky":false,"template":"","format":"standard","meta":{"_crdt_document":"","footnotes":""},"categories":[123],"tags":[],"class_list":["post-66195","post","type-post","status-publish","format-standard","has-post-thumbnail","hentry","category-gundem"],"_links":{"self":[{"href":"https:\/\/www.egemtv.com\/index.php?rest_route=\/wp\/v2\/posts\/66195","targetHints":{"allow":["GET"]}}],"collection":[{"href":"https:\/\/www.egemtv.com\/index.php?rest_route=\/wp\/v2\/posts"}],"about":[{"href":"https:\/\/www.egemtv.com\/index.php?rest_route=\/wp\/v2\/types\/post"}],"author":[{"embeddable":true,"href":"https:\/\/www.egemtv.com\/index.php?rest_route=\/wp\/v2\/users\/1"}],"replies":[{"embeddable":true,"href":"https:\/\/www.egemtv.com\/index.php?rest_route=%2Fwp%2Fv2%2Fcomments&post=66195"}],"version-history":[{"count":1,"href":"https:\/\/www.egemtv.com\/index.php?rest_route=\/wp\/v2\/posts\/66195\/revisions"}],"predecessor-version":[{"id":66197,"href":"https:\/\/www.egemtv.com\/index.php?rest_route=\/wp\/v2\/posts\/66195\/revisions\/66197"}],"wp:featuredmedia":[{"embeddable":true,"href":"https:\/\/www.egemtv.com\/index.php?rest_route=\/wp\/v2\/media\/66196"}],"wp:attachment":[{"href":"https:\/\/www.egemtv.com\/index.php?rest_route=%2Fwp%2Fv2%2Fmedia&parent=66195"}],"wp:term":[{"taxonomy":"category","embeddable":true,"href":"https:\/\/www.egemtv.com\/index.php?rest_route=%2Fwp%2Fv2%2Fcategories&post=66195"},{"taxonomy":"post_tag","embeddable":true,"href":"https:\/\/www.egemtv.com\/index.php?rest_route=%2Fwp%2Fv2%2Ftags&post=66195"}],"curies":[{"name":"wp","href":"https:\/\/api.w.org\/{rel}","templated":true}]}}