{"id":66192,"date":"2025-11-06T14:34:48","date_gmt":"2025-11-06T11:34:48","guid":{"rendered":"https:\/\/www.egemtv.com\/?p=66192"},"modified":"2025-11-06T14:34:49","modified_gmt":"2025-11-06T11:34:49","slug":"sokede-gida-guvenligi-icin-marul-tarlalarinda-numune-alindi","status":"publish","type":"post","link":"https:\/\/www.egemtv.com\/?p=66192","title":{"rendered":"S\u00f6ke\u2019de g\u0131da g\u00fcvenli\u011fi i\u00e7in marul tarlalar\u0131nda numune al\u0131nd\u0131"},"content":{"rendered":"<p>S\u00f6ke \u0130l\u00e7e Tar\u0131m ve Orman M\u00fcd\u00fcrl\u00fc\u011f\u00fc ekipleri, marul \u00fcretim alanlar\u0131ndan numune alarak hasat \u00f6ncesi pestisit kal\u0131nt\u0131 izleme \u00e7al\u0131\u015fmas\u0131 ger\u00e7ekle\u015ftirdi.<\/p>\n<p>Ayd\u0131n\u2019\u0131n S\u00f6ke il\u00e7esinde, \u0130l\u00e7e Tar\u0131m ve Orman M\u00fcd\u00fcrl\u00fc\u011f\u00fc ekiplerince marul \u00fcretim alanlar\u0131nda hasat \u00f6ncesi pestisit kal\u0131nt\u0131 izleme \u00e7al\u0131\u015fmalar\u0131 ger\u00e7ekle\u015ftirildi. \u00dcretim s\u00fcrecinde g\u0131da g\u00fcvenli\u011finin sa\u011flanmas\u0131 amac\u0131yla y\u00fcr\u00fct\u00fclen \u00e7al\u0131\u015fma kapsam\u0131nda, tarlalardan numuneler al\u0131narak laboratuvar analizine g\u00f6nderildi. Yap\u0131lan denetimlerle, t\u00fcketiciye sa\u011fl\u0131kl\u0131 ve g\u00fcvenilir \u00fcr\u00fcnlerin ula\u015fmas\u0131 hedefleniyor. S\u00f6ke \u0130l\u00e7e Tar\u0131m ve Orman M\u00fcd\u00fcrl\u00fc\u011f\u00fc, \u00fcreticilere do\u011fru ila\u00e7lama ve hasat aral\u0131\u011f\u0131na uyma konular\u0131nda bilgilendirmelerde bulunarak, s\u00fcrd\u00fcr\u00fclebilir tar\u0131m uygulamalar\u0131n\u0131n \u00f6nemini vurgulad\u0131.<br \/><\/p>\n","protected":false},"excerpt":{"rendered":"<p>S\u00f6ke \u0130l\u00e7e Tar\u0131m ve Orman M\u00fcd\u00fcrl\u00fc\u011f\u00fc ekipleri, marul \u00fcretim alanlar\u0131ndan numune alarak hasat \u00f6ncesi pestisit kal\u0131nt\u0131 izleme \u00e7al\u0131\u015fmas\u0131 ger\u00e7ekle\u015ftirdi. Ayd\u0131n\u2019\u0131n S\u00f6ke il\u00e7esinde, \u0130l\u00e7e Tar\u0131m ve Orman M\u00fcd\u00fcrl\u00fc\u011f\u00fc ekiplerince marul \u00fcretim alanlar\u0131nda hasat \u00f6ncesi pestisit kal\u0131nt\u0131 izleme \u00e7al\u0131\u015fmalar\u0131 ger\u00e7ekle\u015ftirildi. \u00dcretim s\u00fcrecinde g\u0131da g\u00fcvenli\u011finin sa\u011flanmas\u0131 amac\u0131yla y\u00fcr\u00fct\u00fclen \u00e7al\u0131\u015fma kapsam\u0131nda, tarlalardan numuneler al\u0131narak laboratuvar analizine g\u00f6nderildi. Yap\u0131lan denetimlerle,&#8230;<\/p>\n","protected":false},"author":1,"featured_media":66193,"comment_status":"open","ping_status":"open","sticky":false,"template":"","format":"standard","meta":{"_crdt_document":"","footnotes":""},"categories":[1],"tags":[],"class_list":["post-66192","post","type-post","status-publish","format-standard","has-post-thumbnail","hentry","category-guncel"],"_links":{"self":[{"href":"https:\/\/www.egemtv.com\/index.php?rest_route=\/wp\/v2\/posts\/66192","targetHints":{"allow":["GET"]}}],"collection":[{"href":"https:\/\/www.egemtv.com\/index.php?rest_route=\/wp\/v2\/posts"}],"about":[{"href":"https:\/\/www.egemtv.com\/index.php?rest_route=\/wp\/v2\/types\/post"}],"author":[{"embeddable":true,"href":"https:\/\/www.egemtv.com\/index.php?rest_route=\/wp\/v2\/users\/1"}],"replies":[{"embeddable":true,"href":"https:\/\/www.egemtv.com\/index.php?rest_route=%2Fwp%2Fv2%2Fcomments&post=66192"}],"version-history":[{"count":1,"href":"https:\/\/www.egemtv.com\/index.php?rest_route=\/wp\/v2\/posts\/66192\/revisions"}],"predecessor-version":[{"id":66194,"href":"https:\/\/www.egemtv.com\/index.php?rest_route=\/wp\/v2\/posts\/66192\/revisions\/66194"}],"wp:featuredmedia":[{"embeddable":true,"href":"https:\/\/www.egemtv.com\/index.php?rest_route=\/wp\/v2\/media\/66193"}],"wp:attachment":[{"href":"https:\/\/www.egemtv.com\/index.php?rest_route=%2Fwp%2Fv2%2Fmedia&parent=66192"}],"wp:term":[{"taxonomy":"category","embeddable":true,"href":"https:\/\/www.egemtv.com\/index.php?rest_route=%2Fwp%2Fv2%2Fcategories&post=66192"},{"taxonomy":"post_tag","embeddable":true,"href":"https:\/\/www.egemtv.com\/index.php?rest_route=%2Fwp%2Fv2%2Ftags&post=66192"}],"curies":[{"name":"wp","href":"https:\/\/api.w.org\/{rel}","templated":true}]}}