{"id":66189,"date":"2025-11-06T14:34:45","date_gmt":"2025-11-06T11:34:45","guid":{"rendered":"https:\/\/www.egemtv.com\/?p=66189"},"modified":"2025-11-06T14:34:47","modified_gmt":"2025-11-06T11:34:47","slug":"128-dogasever-marmarisin-dogasinda-yurumek-icin-geldi","status":"publish","type":"post","link":"https:\/\/www.egemtv.com\/?p=66189","title":{"rendered":"128 do\u011fasever Marmaris\u2019in do\u011fas\u0131nda y\u00fcr\u00fcmek i\u00e7in geldi"},"content":{"rendered":"<p>Mu\u011fla\u2019n\u0131n Marmaris il\u00e7esinde d\u00fczenlenen \u2019Ulusal Karia Yolu Y\u00fcr\u00fcy\u00fc\u015f\u00fc\u2019, T\u00fcrkiye\u2019nin farkl\u0131 illeri ile  K\u0131br\u0131s, \u0130ran ve \u0130ngiltere\u2019den gelen 128 do\u011faseverin kat\u0131l\u0131m\u0131yla 1-5 Kas\u0131m 2025 tarihlerinde ger\u00e7ekle\u015ftirildi.<\/p>\n<p>Etkinlik, profesyonel da\u011fc\u0131 ve y\u00fcr\u00fcy\u00fc\u015f lideri Bar\u0131\u015f \u00d6zt\u00fcrk \u00f6nc\u00fcl\u00fc\u011f\u00fcnde 5 g\u00fcn s\u00fcrd\u00fc. Kat\u0131l\u0131mc\u0131lar \u0130\u00e7meler, Turun\u00e7, Amos Antik Kenti, Kumlub\u00fck, Bay\u0131r, Ta\u015fl\u0131ca, S\u00f6\u011f\u00fct, Bozburun ve Selimiye\u2019yi kapsayan parkurlarda toplam 61 kilometrelik bir rota tamamlad\u0131. Etkinlik dahilinde  1. g\u00fcn; \u0130\u00e7meler, Turun\u00e7, Amos Antik Kenti, Kumlub\u00fck, 2. g\u00fcn; Bay\u0131r K\u00f6y\u00fc, Kumlub\u00fck, 3. g\u00fcn; Bay\u0131r, Ta\u015fl\u0131ca, 4. g\u00fcn; Ta\u015fl\u0131ca, S\u00f6\u011f\u00fct, Bozburun, 5. g\u00fcn; Bozburun, Selimiye,  olmak \u00fczere toplamda 61 kilometre yol y\u00fcr\u00fcyerek Marmaris\u2019in makilik, kayal\u0131k ve da\u011fl\u0131k b\u00f6lgelerinden ge\u00e7en Karia Yolu\u2019nun e\u015fsiz manzaralar\u0131 e\u015fli\u011finde kamp yapt\u0131lar.<\/p>\n<p>&#8220;Amac\u0131m\u0131z Marmaris\u2019i do\u011fa sporlar\u0131yla d\u00fcnya markas\u0131 yapmak&#8221;<br \/>\n<br \/>Etkinlik lideri Bar\u0131\u015f \u00d6zt\u00fcrk y\u00fcr\u00fcy\u00fc\u015f\u00fcn ard\u0131ndan, &#8220;\u0130l\u00e7emize gelen 128 trekkingci arkada\u015f\u0131m\u0131zla Karia Yolu\u2019nu y\u00fcr\u00fcmek ve bu etkinli\u011fi birlikte ger\u00e7ekle\u015ftirmekten b\u00fcy\u00fck mutluluk duyuyoruz. Amac\u0131m\u0131z Marmaris\u2019i do\u011fa sporlar\u0131yla tan\u0131tmak ve d\u00fcnyada marka bir de\u011fer haline getirmek. T\u00fcm kat\u0131l\u0131mc\u0131lara te\u015fekk\u00fcr ediyorum, tekrar g\u00f6r\u00fc\u015fmeyi \u00fcmit ediyorum&#8221; dedi.<\/p>\n<p>Y\u00fcr\u00fcy\u00fc\u015f lideri Bar\u0131\u015f \u00d6zt\u00fcrk Karia Yolu\u2019nun antik ta\u015f d\u00f6\u015femeli yap\u0131s\u0131 ve benzersiz manzaralar\u0131yla d\u00fcnyada e\u015fi olmad\u0131\u011f\u0131n\u0131 vurgulayarak &#8220;Ben Marmarisliyim ve kendi il\u00e7emde trekking faaliyetlerini yayg\u0131nla\u015ft\u0131rmak istiyorum. 128 ki\u015filik grupla 66 kilometrelik zorlu ama muhte\u015fem bir parkuru y\u00fcr\u00fcd\u00fck. Kat\u0131lan t\u00fcm arkada\u015flar\u0131ma te\u015fekk\u00fcr ediyorum&#8221; diye konu\u015ftu.<\/p>\n<p>Y\u00fcr\u00fcy\u00fc\u015f boyunca Marmaris\u2019in do\u011fal g\u00fczelliklerine hayran kald\u0131klar\u0131n\u0131 belirten kat\u0131l\u0131mc\u0131lar, b\u00f6lgenin do\u011fa turizmi a\u00e7\u0131s\u0131ndan b\u00fcy\u00fck bir potansiyele sahip oldu\u011funu ifade etti. Etkinli\u011fe kat\u0131lanlar, y\u00fcr\u00fcy\u00fc\u015f\u00fcn hem sa\u011fl\u0131kl\u0131 ya\u015fam\u0131 te\u015fvik etti\u011fini hem de Marmaris\u2019in tan\u0131t\u0131m\u0131na \u00f6nemli katk\u0131 sundu\u011funu s\u00f6yledi.<\/p>\n<p>\u00c7ektikleri foto\u011fraf ve videolar\u0131 sosyal medya hesaplar\u0131nda payla\u015farak Marmaris\u2019in tan\u0131t\u0131m\u0131na destek vereceklerini dile getiren trekkingciler, \u00f6te yandan parkurun yer yer zorlu oldu\u011fu ancak do\u011fan\u0131n sundu\u011fu manzaralar sayesinde b\u00fcy\u00fck keyif verdi\u011fini belirtti.<br \/><\/p>\n","protected":false},"excerpt":{"rendered":"<p>Mu\u011fla\u2019n\u0131n Marmaris il\u00e7esinde d\u00fczenlenen \u2019Ulusal Karia Yolu Y\u00fcr\u00fcy\u00fc\u015f\u00fc\u2019, T\u00fcrkiye\u2019nin farkl\u0131 illeri ile K\u0131br\u0131s, \u0130ran ve \u0130ngiltere\u2019den gelen 128 do\u011faseverin kat\u0131l\u0131m\u0131yla 1-5 Kas\u0131m 2025 tarihlerinde ger\u00e7ekle\u015ftirildi. Etkinlik, profesyonel da\u011fc\u0131 ve y\u00fcr\u00fcy\u00fc\u015f lideri Bar\u0131\u015f \u00d6zt\u00fcrk \u00f6nc\u00fcl\u00fc\u011f\u00fcnde 5 g\u00fcn s\u00fcrd\u00fc. Kat\u0131l\u0131mc\u0131lar \u0130\u00e7meler, Turun\u00e7, Amos Antik Kenti, Kumlub\u00fck, Bay\u0131r, Ta\u015fl\u0131ca, S\u00f6\u011f\u00fct, Bozburun ve Selimiye\u2019yi kapsayan parkurlarda toplam 61 kilometrelik&#8230;<\/p>\n","protected":false},"author":1,"featured_media":66190,"comment_status":"open","ping_status":"open","sticky":false,"template":"","format":"standard","meta":{"_crdt_document":"","footnotes":""},"categories":[1],"tags":[],"class_list":["post-66189","post","type-post","status-publish","format-standard","has-post-thumbnail","hentry","category-guncel"],"_links":{"self":[{"href":"https:\/\/www.egemtv.com\/index.php?rest_route=\/wp\/v2\/posts\/66189","targetHints":{"allow":["GET"]}}],"collection":[{"href":"https:\/\/www.egemtv.com\/index.php?rest_route=\/wp\/v2\/posts"}],"about":[{"href":"https:\/\/www.egemtv.com\/index.php?rest_route=\/wp\/v2\/types\/post"}],"author":[{"embeddable":true,"href":"https:\/\/www.egemtv.com\/index.php?rest_route=\/wp\/v2\/users\/1"}],"replies":[{"embeddable":true,"href":"https:\/\/www.egemtv.com\/index.php?rest_route=%2Fwp%2Fv2%2Fcomments&post=66189"}],"version-history":[{"count":1,"href":"https:\/\/www.egemtv.com\/index.php?rest_route=\/wp\/v2\/posts\/66189\/revisions"}],"predecessor-version":[{"id":66191,"href":"https:\/\/www.egemtv.com\/index.php?rest_route=\/wp\/v2\/posts\/66189\/revisions\/66191"}],"wp:featuredmedia":[{"embeddable":true,"href":"https:\/\/www.egemtv.com\/index.php?rest_route=\/wp\/v2\/media\/66190"}],"wp:attachment":[{"href":"https:\/\/www.egemtv.com\/index.php?rest_route=%2Fwp%2Fv2%2Fmedia&parent=66189"}],"wp:term":[{"taxonomy":"category","embeddable":true,"href":"https:\/\/www.egemtv.com\/index.php?rest_route=%2Fwp%2Fv2%2Fcategories&post=66189"},{"taxonomy":"post_tag","embeddable":true,"href":"https:\/\/www.egemtv.com\/index.php?rest_route=%2Fwp%2Fv2%2Ftags&post=66189"}],"curies":[{"name":"wp","href":"https:\/\/api.w.org\/{rel}","templated":true}]}}