{"id":66186,"date":"2025-11-06T14:15:11","date_gmt":"2025-11-06T11:15:11","guid":{"rendered":"https:\/\/www.egemtv.com\/?p=66186"},"modified":"2025-11-06T14:15:13","modified_gmt":"2025-11-06T11:15:13","slug":"afyonkarahisarda-beklenen-yagis-basladi","status":"publish","type":"post","link":"https:\/\/www.egemtv.com\/?p=66186","title":{"rendered":"Afyonkarahisar\u2019da beklenen ya\u011f\u0131\u015f ba\u015flad\u0131"},"content":{"rendered":"<p>Afyonkarahisar\u2019da meteorolojinin uyar\u0131lar\u0131 sonras\u0131 beklenen ya\u011fmur ya\u011f\u0131\u015f\u0131 \u00f6\u011fle saatlerinde ba\u015flad\u0131.<br \/>\n<br \/>Kentte beklenen ya\u011f\u0131\u015f \u00f6\u011fle saatlerinde ba\u015flad\u0131. G\u00fcne kapal\u0131 ve so\u011fuk havayla ba\u015flayan Afyonkarahisar\u2019da beklenen ya\u011f\u0131\u015f sabah saatlerinde ba\u015flad\u0131. Etkili olan ya\u011f\u0131\u015f haz\u0131rl\u0131ks\u0131z yakalanan bir \u00e7ok vatanda\u015f\u0131n zor anlar ya\u015famas\u0131na neden oldu. Ya\u011f\u0131\u015f\u0131n g\u00fcn boyu aral\u0131klarla devam etmesi bekleniyor.<br \/><\/p>\n","protected":false},"excerpt":{"rendered":"<p>Afyonkarahisar\u2019da meteorolojinin uyar\u0131lar\u0131 sonras\u0131 beklenen ya\u011fmur ya\u011f\u0131\u015f\u0131 \u00f6\u011fle saatlerinde ba\u015flad\u0131. Kentte beklenen ya\u011f\u0131\u015f \u00f6\u011fle saatlerinde ba\u015flad\u0131. G\u00fcne kapal\u0131 ve so\u011fuk havayla ba\u015flayan Afyonkarahisar\u2019da beklenen ya\u011f\u0131\u015f sabah saatlerinde ba\u015flad\u0131. Etkili olan ya\u011f\u0131\u015f haz\u0131rl\u0131ks\u0131z yakalanan bir \u00e7ok vatanda\u015f\u0131n zor anlar ya\u015famas\u0131na neden oldu. Ya\u011f\u0131\u015f\u0131n g\u00fcn boyu aral\u0131klarla devam etmesi bekleniyor.<\/p>\n","protected":false},"author":1,"featured_media":66187,"comment_status":"open","ping_status":"open","sticky":false,"template":"","format":"standard","meta":{"_crdt_document":"","footnotes":""},"categories":[5],"tags":[],"class_list":["post-66186","post","type-post","status-publish","format-standard","has-post-thumbnail","hentry","category-asayis"],"_links":{"self":[{"href":"https:\/\/www.egemtv.com\/index.php?rest_route=\/wp\/v2\/posts\/66186","targetHints":{"allow":["GET"]}}],"collection":[{"href":"https:\/\/www.egemtv.com\/index.php?rest_route=\/wp\/v2\/posts"}],"about":[{"href":"https:\/\/www.egemtv.com\/index.php?rest_route=\/wp\/v2\/types\/post"}],"author":[{"embeddable":true,"href":"https:\/\/www.egemtv.com\/index.php?rest_route=\/wp\/v2\/users\/1"}],"replies":[{"embeddable":true,"href":"https:\/\/www.egemtv.com\/index.php?rest_route=%2Fwp%2Fv2%2Fcomments&post=66186"}],"version-history":[{"count":1,"href":"https:\/\/www.egemtv.com\/index.php?rest_route=\/wp\/v2\/posts\/66186\/revisions"}],"predecessor-version":[{"id":66188,"href":"https:\/\/www.egemtv.com\/index.php?rest_route=\/wp\/v2\/posts\/66186\/revisions\/66188"}],"wp:featuredmedia":[{"embeddable":true,"href":"https:\/\/www.egemtv.com\/index.php?rest_route=\/wp\/v2\/media\/66187"}],"wp:attachment":[{"href":"https:\/\/www.egemtv.com\/index.php?rest_route=%2Fwp%2Fv2%2Fmedia&parent=66186"}],"wp:term":[{"taxonomy":"category","embeddable":true,"href":"https:\/\/www.egemtv.com\/index.php?rest_route=%2Fwp%2Fv2%2Fcategories&post=66186"},{"taxonomy":"post_tag","embeddable":true,"href":"https:\/\/www.egemtv.com\/index.php?rest_route=%2Fwp%2Fv2%2Ftags&post=66186"}],"curies":[{"name":"wp","href":"https:\/\/api.w.org\/{rel}","templated":true}]}}