{"id":66183,"date":"2025-11-06T14:15:08","date_gmt":"2025-11-06T11:15:08","guid":{"rendered":"https:\/\/www.egemtv.com\/?p=66183"},"modified":"2025-11-06T14:15:10","modified_gmt":"2025-11-06T11:15:10","slug":"aliagada-hibe-koyun-ve-koclar-ureticilere-teslim-edildi","status":"publish","type":"post","link":"https:\/\/www.egemtv.com\/?p=66183","title":{"rendered":"Alia\u011fa\u2019da hibe koyun ve ko\u00e7lar \u00fcreticilere teslim edildi"},"content":{"rendered":"<p>Yerel kalk\u0131nmay\u0131 desteklemek, tar\u0131msal \u00fcretimi art\u0131rmak ve \u00fcreticilerin ekonomik refah\u0131n\u0131 g\u00fc\u00e7lendirmek amac\u0131yla hayata ge\u00e7irilen &#8220;Alia\u011fa Dam\u0131zl\u0131k Koyun \u00dcretim Merkezi Projesi&#8221; kapsam\u0131nda, kura ile belirlenen 110 \u00fcreticiye toplam 210 k\u00fc\u00e7\u00fckba\u015f hayvan\u0131n teslimat\u0131 tamamland\u0131.<br \/>\n<br \/>Alia\u011fa Belediyesi ile \u0130zmir \u0130l Tar\u0131m ve Orman M\u00fcd\u00fcrl\u00fc\u011f\u00fc i\u015f birli\u011finde y\u00fcr\u00fct\u00fclen projede hibeli da\u011f\u0131t\u0131mlar \u00f6ncesi ba\u015fvurular, Alia\u011fa \u0130l\u00e7e Tar\u0131m ve Orman M\u00fcd\u00fcrl\u00fc\u011f\u00fc arac\u0131l\u0131\u011f\u0131yla al\u0131nm\u0131\u015f, 221 ba\u015fvuru aras\u0131ndan hak sahipleri ge\u00e7ti\u011fimiz ay d\u00fczenlenen kura t\u00f6reninde belirlenmi\u015fti. \u00dcreticilere teslimatlar\u0131n tamamlanmas\u0131yla projenin ikinci etab\u0131 ba\u015far\u0131yla sona erdi.<\/p>\n<p>\u00dcreticilerden te\u015fekk\u00fcr<br \/>\n<br \/>Hibeli ko\u00e7 ve koyunlar\u0131n teslimatlar\u0131 Alia\u011fa Dam\u0131zl\u0131k Koyun \u00dcretim Merkezi\u2019nde \u00fcreticilerin kat\u0131l\u0131m\u0131yla ger\u00e7ekle\u015ftirildi. Hayvanlar\u0131n\u0131 teslim alan \u00fcreticiler, projeden duyduklar\u0131 memnuniyeti dile getirerek Alia\u011fa Belediyesi ve Alia\u011fa \u0130l\u00e7e Tar\u0131m ve Orman M\u00fcd\u00fcrl\u00fc\u011f\u00fc\u2019ne te\u015fekk\u00fcr ettiler.<br \/>\n<br \/>G\u00fczelhisar Mahallesi\u2019nden \u00fcretici Ha\u015fim Aksu, ilk kez kat\u0131ld\u0131\u011f\u0131 kurada \u015fans\u0131n\u0131 yakalad\u0131\u011f\u0131n\u0131 belirterek \u015funlar\u0131 s\u00f6yledi: &#8220;Hayvanlar\u0131m\u0131z\u0131 teslim ald\u0131k, s\u00fcr\u00fcm\u00fcz\u00fc b\u00fcy\u00fctmeyi hedefliyoruz. Uygulamadan \u00e7ok memnunuz, devam etmesini isteriz. Alia\u011fa Belediyesi\u2019ne ve \u0130l\u00e7e Tar\u0131m ve Orman M\u00fcd\u00fcrl\u00fc\u011f\u00fc\u2019ne te\u015fekk\u00fcr ederiz&#8221;<br \/>\n<br \/>Proje sayesinde s\u00fcr\u00fclerinin g\u00fc\u00e7lenece\u011fini vurgulayan \u00dcretici Koray Do\u011fa\u00e7, &#8220;Verilen dam\u0131zl\u0131klar safkan, sa\u011fl\u0131kl\u0131 ve \u00e7ok g\u00fczel. S\u00fcr\u00fcm\u00fcz\u00fc g\u00fc\u00e7lendirecek, yavru ve et verimini art\u0131racaklar. B\u00f6yle bir projenin i\u00e7inde olmak bizim i\u00e7in b\u00fcy\u00fck bir ayr\u0131cal\u0131k. Alia\u011fa Belediye Ba\u015fkan\u0131m\u0131z Serkan Acar\u2019a ve \u0130l\u00e7e Tar\u0131m ve Orman M\u00fcd\u00fcr\u00fcm\u00fcz Mazlum Selim Aksakal\u2019a te\u015fekk\u00fcr ederiz&#8221; dedi.<\/p>\n<p>K\u00fc\u00e7\u00fckba\u015f hayvan say\u0131s\u0131 art\u0131yor<br \/>\n<br \/>Projenin bundan sonraki a\u015famalar\u0131 hakk\u0131nda bilgi veren Alia\u011fa \u0130l\u00e7e Tar\u0131m ve Orman M\u00fcd\u00fcr\u00fc Mazlum Selim Aksakal, \u00fcreticilere sa\u011flanan desteklerin s\u00fcrd\u00fcr\u00fclece\u011fini belirtti. Aksakal konu\u015fmas\u0131nda \u015funlar\u0131 s\u00f6yledi: &#8220;Kurada kazanan 110 \u00fcreticimize hayvanlar\u0131 teslim etmeye ba\u015flad\u0131k. 10 \u00fcreticimize 10 koyun ve 1 ko\u00e7, 100 \u00fcreticimize ise birer dam\u0131zl\u0131k ko\u00e7 veriyoruz. Teslimat s\u00fcrecimiz b\u00fcy\u00fck \u00f6l\u00e7\u00fcde tamamland\u0131. Bundan sonraki s\u00fcre\u00e7te hayvanlar\u0131n takibini yapaca\u011f\u0131z. \u00dc\u00e7\u00fcnc\u00fc yavrulamadan sonra elde edilecek 10+1 hayvan\u0131 alarak yeni \u00fcreticilere da\u011f\u0131taca\u011f\u0131z. Bu sayede hem vatanda\u015f\u0131n elindeki hayvan say\u0131s\u0131 artacak hem de Alia\u011fa Dam\u0131zl\u0131k \u00dcretim Merkezi\u2019ndeki \u00fcretim kapasitesi b\u00fcy\u00fcyecek&#8221;<br \/>\n<br \/>Aksakal, projenin Alia\u011fa\u2019daki k\u00fc\u00e7\u00fckba\u015f hayvan varl\u0131\u011f\u0131n\u0131 \u00f6nemli \u00f6l\u00e7\u00fcde art\u0131raca\u011f\u0131n\u0131 vurgulayarak, &#8220;Vatanda\u015f ve kamu i\u015f birli\u011fiyle y\u00fcr\u00fct\u00fclen bu proje sayesinde il\u00e7emizde k\u00fc\u00e7\u00fckba\u015f hayvanc\u0131l\u0131\u011f\u0131 \u00e7ok daha ileri noktalara ta\u015f\u0131yaca\u011f\u0131z. S\u0131radaki da\u011f\u0131t\u0131m\u0131 may\u0131s 2026\u2019da yapmay\u0131 planl\u0131yoruz&#8221; dedi.<\/p>\n<p>Alia\u011fa tar\u0131msal kalk\u0131nmada \u00f6rnek olmay\u0131 s\u00fcrd\u00fcr\u00fcyor<br \/>\n<br \/>Alia\u011fa Belediyesi\u2019nin k\u0131rsal kalk\u0131nmay\u0131 destekleyen projeleri aras\u0131nda \u00f6ne \u00e7\u0131kan Alia\u011fa Dam\u0131zl\u0131k Koyun \u00dcretim Merkezi Projesi, hem \u00fcreticilerin gelirini art\u0131rmay\u0131 hem de b\u00f6lgedeki k\u00fc\u00e7\u00fckba\u015f hayvanc\u0131l\u0131\u011f\u0131 geli\u015ftirmeyi hedefliyor. Proje, \u00fcreticilerin g\u00fc\u00e7l\u00fc bir \u00fcretim a\u011f\u0131 olu\u015fturmas\u0131na katk\u0131 sa\u011flayarak Alia\u011fa\u2019y\u0131 tar\u0131msal kalk\u0131nmada \u00f6rnek bir il\u00e7e konumuna ta\u015f\u0131yor.<br \/><\/p>\n","protected":false},"excerpt":{"rendered":"<p>Yerel kalk\u0131nmay\u0131 desteklemek, tar\u0131msal \u00fcretimi art\u0131rmak ve \u00fcreticilerin ekonomik refah\u0131n\u0131 g\u00fc\u00e7lendirmek amac\u0131yla hayata ge\u00e7irilen &#8220;Alia\u011fa Dam\u0131zl\u0131k Koyun \u00dcretim Merkezi Projesi&#8221; kapsam\u0131nda, kura ile belirlenen 110 \u00fcreticiye toplam 210 k\u00fc\u00e7\u00fckba\u015f hayvan\u0131n teslimat\u0131 tamamland\u0131. Alia\u011fa Belediyesi ile \u0130zmir \u0130l Tar\u0131m ve Orman M\u00fcd\u00fcrl\u00fc\u011f\u00fc i\u015f birli\u011finde y\u00fcr\u00fct\u00fclen projede hibeli da\u011f\u0131t\u0131mlar \u00f6ncesi ba\u015fvurular, Alia\u011fa \u0130l\u00e7e Tar\u0131m ve Orman M\u00fcd\u00fcrl\u00fc\u011f\u00fc&#8230;<\/p>\n","protected":false},"author":1,"featured_media":66184,"comment_status":"open","ping_status":"open","sticky":false,"template":"","format":"standard","meta":{"_crdt_document":"","footnotes":""},"categories":[1],"tags":[],"class_list":["post-66183","post","type-post","status-publish","format-standard","has-post-thumbnail","hentry","category-guncel"],"_links":{"self":[{"href":"https:\/\/www.egemtv.com\/index.php?rest_route=\/wp\/v2\/posts\/66183","targetHints":{"allow":["GET"]}}],"collection":[{"href":"https:\/\/www.egemtv.com\/index.php?rest_route=\/wp\/v2\/posts"}],"about":[{"href":"https:\/\/www.egemtv.com\/index.php?rest_route=\/wp\/v2\/types\/post"}],"author":[{"embeddable":true,"href":"https:\/\/www.egemtv.com\/index.php?rest_route=\/wp\/v2\/users\/1"}],"replies":[{"embeddable":true,"href":"https:\/\/www.egemtv.com\/index.php?rest_route=%2Fwp%2Fv2%2Fcomments&post=66183"}],"version-history":[{"count":1,"href":"https:\/\/www.egemtv.com\/index.php?rest_route=\/wp\/v2\/posts\/66183\/revisions"}],"predecessor-version":[{"id":66185,"href":"https:\/\/www.egemtv.com\/index.php?rest_route=\/wp\/v2\/posts\/66183\/revisions\/66185"}],"wp:featuredmedia":[{"embeddable":true,"href":"https:\/\/www.egemtv.com\/index.php?rest_route=\/wp\/v2\/media\/66184"}],"wp:attachment":[{"href":"https:\/\/www.egemtv.com\/index.php?rest_route=%2Fwp%2Fv2%2Fmedia&parent=66183"}],"wp:term":[{"taxonomy":"category","embeddable":true,"href":"https:\/\/www.egemtv.com\/index.php?rest_route=%2Fwp%2Fv2%2Fcategories&post=66183"},{"taxonomy":"post_tag","embeddable":true,"href":"https:\/\/www.egemtv.com\/index.php?rest_route=%2Fwp%2Fv2%2Ftags&post=66183"}],"curies":[{"name":"wp","href":"https:\/\/api.w.org\/{rel}","templated":true}]}}