{"id":66180,"date":"2025-11-06T14:15:06","date_gmt":"2025-11-06T11:15:06","guid":{"rendered":"https:\/\/www.egemtv.com\/?p=66180"},"modified":"2025-11-06T14:15:07","modified_gmt":"2025-11-06T11:15:07","slug":"baskan-zencirci-19-aylik-surecte-gelecege-yatirim-yapan-onemli-adimlar-attik","status":"publish","type":"post","link":"https:\/\/www.egemtv.com\/?p=66180","title":{"rendered":"Ba\u015fkan Zencirci: &#8220;19 ayl\u0131k s\u00fcre\u00e7te gelece\u011fe yat\u0131r\u0131m yapan \u00f6nemli ad\u0131mlar att\u0131k&#8221;"},"content":{"rendered":"<p>Germencik Belediye Ba\u015fkan\u0131 Burak Zencirci, 19 ayl\u0131k hizmet d\u00f6neminde gelece\u011fe yat\u0131r\u0131m yapan \u00f6nemli ad\u0131mlar att\u0131klar\u0131n\u0131, ayn\u0131 zamanda bu d\u00f6nemde 110 milyon bor\u00e7 \u00f6deyip, 140 milyon liral\u0131k faaliyet ger\u00e7ekle\u015ftirdiklerini a\u00e7\u0131klad\u0131.<\/p>\n<p>Germencik Belediye Ba\u015fkan\u0131 Burak Zencirci, K\u0131z\u0131lcap\u0131nar Sini Kahvalt\u0131 Evi\u2019nin a\u00e7\u0131l\u0131\u015f program\u0131nda bas\u0131n mensuplar\u0131na a\u00e7\u0131klamalarda bulundu. Germencik Belediyesi\u2019nin hizmette rekor bir d\u00f6nem ge\u00e7irdi\u011fini ifade eden Ba\u015fkan Zencirci, onlarca projeyi hayata ge\u00e7irdiklerini aktard\u0131.<\/p>\n<p>&#8220;250 milyon TL\u2019lik mali y\u00fck\u00fcml\u00fcl\u00fck yerine getirildi&#8221;<br \/>\n<br \/>Ba\u015fkan Zencirci, &#8220;Germencik belediyesi olarak, 31 Mart 2024-5 Kas\u0131m 2025 tarihleri aras\u0131ndaki yakla\u015f\u0131k 19 ayl\u0131k s\u00fcre\u00e7te hem ge\u00e7mi\u015fin y\u00fcklerini hafifleten hem de gelece\u011fe yat\u0131r\u0131m yapan \u00f6nemli ad\u0131mlar att\u0131k. Rutin belediyecilik faaliyetlerimizin yan\u0131 s\u0131ra kentimizin ekonomik sosyal ve k\u00fclt\u00fcrel hayat\u0131na do\u011frudan dokunan onlarca projeyi hayata ge\u00e7irdik. 110 milyon TL ge\u00e7mi\u015f d\u00f6nem borcu ve 140 milyon TL mevcut d\u00f6nem faaliyet borcu \u00f6denerek, toplamda 250 milyon TL\u2019lik mali y\u00fck\u00fcml\u00fcl\u00fck yerine getirildi. 3 mahallemizde do\u011falgaz hat ba\u011flant\u0131lar\u0131n\u0131 tamamlay\u0131p, \u00fcst yap\u0131 maliyetlerini belediye olarak kar\u015f\u0131lad\u0131k. 97 bin metrekare parke ta\u015f\u0131 d\u00f6\u015femesi, 3 park yenilemesi, 19 May\u0131s D\u00fc\u011f\u00fcn Salonu yenilemesi, sosyal yard\u0131mlar ve benzeri bir\u00e7ok faaliyeti ger\u00e7ekle\u015ftirdik&#8221; a\u00e7\u0131klamas\u0131nda bulundu.<\/p>\n<p>&#8220;Germencik\u2019i ileriye ta\u015f\u0131yaca\u011f\u0131z&#8221;<br \/>\n<br \/>Ba\u015fkan Zencirci a\u00e7\u0131klamas\u0131nda 2026 y\u0131l\u0131 hedeflerinden bahsederek, gelir getirici projeler ile belediye b\u00fct\u00e7esine kal\u0131c\u0131 katk\u0131 sa\u011flamay\u0131 hedeflediklerini s\u00f6yledi. Ba\u015fkan Zencirci, &#8220;2026 y\u0131l\u0131 hedeflerimiz i\u00e7inde Germencik Mesire Alan\u0131 ve D\u00fc\u011f\u00fcn Toplant\u0131 Salonu, Ortaklar\u2019a 4 bin metrekare Kapal\u0131 Pazar ve Ticaret Alan\u0131, Cumhuriyet Meydan\u0131 D\u00fczenlemesi, Ortaklar Kav\u015fa\u011f\u0131\u2019nda 4 bin Ticaret ve Otopark Alan\u0131, Ortaklar Belediye D\u00fc\u011f\u00fcn Salonu\u2019nun y\u0131k\u0131larak yeniden yap\u0131lmas\u0131, 100 bin metrekare parke ta\u015f yol yap\u0131m\u0131, K\u0131rsal mahallelerde 3 d\u00fc\u011f\u00fcn salonu yenilemesi, Germencik ve Ortaklar\u2019da 9 park\u0131n yenilenmesi ve 10 kilometre kadastro yol yap\u0131m\u0131 hedef projelerimiz aras\u0131nda yer al\u0131yor. Hedefimiz g\u00f6rev s\u00fcremizin sonunda belediyemize y\u0131ll\u0131k 50 Milyon TL tutar\u0131nda yeni gelir kalemi kazand\u0131rmakt\u0131r. Kaynaklar\u0131n\u0131 verimli kullanan, \u00e7al\u0131\u015fan\u0131n eme\u011fini koruyan halk\u0131na dokunan, gelece\u011fini planlayan bir belediye olarak Germencik\u2019i ileriye ta\u015f\u0131yaca\u011f\u0131z&#8221; \u015feklinde konu\u015ftu.<br \/><\/p>\n","protected":false},"excerpt":{"rendered":"<p>Germencik Belediye Ba\u015fkan\u0131 Burak Zencirci, 19 ayl\u0131k hizmet d\u00f6neminde gelece\u011fe yat\u0131r\u0131m yapan \u00f6nemli ad\u0131mlar att\u0131klar\u0131n\u0131, ayn\u0131 zamanda bu d\u00f6nemde 110 milyon bor\u00e7 \u00f6deyip, 140 milyon liral\u0131k faaliyet ger\u00e7ekle\u015ftirdiklerini a\u00e7\u0131klad\u0131. Germencik Belediye Ba\u015fkan\u0131 Burak Zencirci, K\u0131z\u0131lcap\u0131nar Sini Kahvalt\u0131 Evi\u2019nin a\u00e7\u0131l\u0131\u015f program\u0131nda bas\u0131n mensuplar\u0131na a\u00e7\u0131klamalarda bulundu. Germencik Belediyesi\u2019nin hizmette rekor bir d\u00f6nem ge\u00e7irdi\u011fini ifade eden Ba\u015fkan Zencirci,&#8230;<\/p>\n","protected":false},"author":1,"featured_media":66181,"comment_status":"open","ping_status":"open","sticky":false,"template":"","format":"standard","meta":{"_crdt_document":"","footnotes":""},"categories":[127],"tags":[],"class_list":["post-66180","post","type-post","status-publish","format-standard","has-post-thumbnail","hentry","category-siyaset"],"_links":{"self":[{"href":"https:\/\/www.egemtv.com\/index.php?rest_route=\/wp\/v2\/posts\/66180","targetHints":{"allow":["GET"]}}],"collection":[{"href":"https:\/\/www.egemtv.com\/index.php?rest_route=\/wp\/v2\/posts"}],"about":[{"href":"https:\/\/www.egemtv.com\/index.php?rest_route=\/wp\/v2\/types\/post"}],"author":[{"embeddable":true,"href":"https:\/\/www.egemtv.com\/index.php?rest_route=\/wp\/v2\/users\/1"}],"replies":[{"embeddable":true,"href":"https:\/\/www.egemtv.com\/index.php?rest_route=%2Fwp%2Fv2%2Fcomments&post=66180"}],"version-history":[{"count":1,"href":"https:\/\/www.egemtv.com\/index.php?rest_route=\/wp\/v2\/posts\/66180\/revisions"}],"predecessor-version":[{"id":66182,"href":"https:\/\/www.egemtv.com\/index.php?rest_route=\/wp\/v2\/posts\/66180\/revisions\/66182"}],"wp:featuredmedia":[{"embeddable":true,"href":"https:\/\/www.egemtv.com\/index.php?rest_route=\/wp\/v2\/media\/66181"}],"wp:attachment":[{"href":"https:\/\/www.egemtv.com\/index.php?rest_route=%2Fwp%2Fv2%2Fmedia&parent=66180"}],"wp:term":[{"taxonomy":"category","embeddable":true,"href":"https:\/\/www.egemtv.com\/index.php?rest_route=%2Fwp%2Fv2%2Fcategories&post=66180"},{"taxonomy":"post_tag","embeddable":true,"href":"https:\/\/www.egemtv.com\/index.php?rest_route=%2Fwp%2Fv2%2Ftags&post=66180"}],"curies":[{"name":"wp","href":"https:\/\/api.w.org\/{rel}","templated":true}]}}