{"id":66177,"date":"2025-11-06T13:55:12","date_gmt":"2025-11-06T10:55:12","guid":{"rendered":"https:\/\/www.egemtv.com\/?p=66177"},"modified":"2025-11-06T13:55:14","modified_gmt":"2025-11-06T10:55:14","slug":"baskan-ozalper-yeni-yonetimiyle-basinin-sorularini-yanitladi","status":"publish","type":"post","link":"https:\/\/www.egemtv.com\/?p=66177","title":{"rendered":"Ba\u015fkan \u00d6zalper yeni y\u00f6netimiyle bas\u0131n\u0131n sorular\u0131n\u0131 yan\u0131tlad\u0131"},"content":{"rendered":"<p>Cumhuriyet Halk Partisi Manisa \u0130l Ba\u015fkan\u0131 \u0130lksen \u00d6zalper, ge\u00e7ti\u011fimiz hafta d\u00fczenlenen il kongresi sonras\u0131 bas\u0131n mensuplar\u0131yla d\u00fczenledi\u011fi toplant\u0131da sorular\u0131 yan\u0131tlad\u0131.<br \/>\n<br \/>Ge\u00e7ti\u011fimiz hafta kongre s\u00fcrecini tamamlayan CHP Manisa \u0130l Ba\u015fkan\u0131 \u0130lksen \u00d6zalper, bas\u0131n mensuplar\u0131yla toplant\u0131 d\u00fczenledi. Yeni y\u00f6netimini bas\u0131n mensuplar\u0131yla tan\u0131\u015ft\u0131ran Ba\u015fkan \u00d6zalper, gelen sorular\u0131 yan\u0131tlad\u0131.<br \/>\n<br \/>Ge\u00e7ti\u011fimiz g\u00fcnlerde sosyal medya da g\u00fcndem olan \u2018rant ekibi\u2019 iddialar\u0131 hakk\u0131nda a\u00e7\u0131klama yapan Ba\u015fkan \u00d6zalper, merhum Ba\u015fkan Ferdi Zeyrek ile baz\u0131 b\u00fcrokratlar hakk\u0131nda birka\u00e7 s\u0131k\u0131nt\u0131 oldu\u011funu bildiklerini belirtti. Ba\u015fkan \u00d6zalper, &#8220;Ferdi Ba\u015fkan\u0131m\u0131z vefat etmeden \u00f6nce, baz\u0131 b\u00fcrokratlarla ilgili s\u0131k\u0131nt\u0131lar oldu\u011fu kula\u011f\u0131m\u0131za geldi. Ranttan \u00e7ok \u2018kafa-kol\u2019 ili\u015fkilerinin \u00f6n planda oldu\u011fu, farkl\u0131 beklentiler i\u00e7erisinde bulunan baz\u0131 b\u00fcrokratlar\u0131n var oldu\u011fu bilgisi bize ula\u015ft\u0131&#8221; dedi.<br \/>\n<br \/>Ba\u015fkan \u00d6zalper, toplant\u0131da b\u00fcrokratlar\u0131n g\u00f6revlerine \u2018son verilmesi\u2019 gerekti\u011fini kararla\u015ft\u0131rd\u0131klar\u0131n\u0131 ifade ederek; &#8220;Arife g\u00fcn\u00fc, Vali bayramla\u015fmas\u0131ndan sonra milletvekillerimizle birlikte Ferdi Ba\u015fkan\u0131m\u0131zla oturduk ve bu konuyla ilgili bir tak\u0131m kararlar ald\u0131k. Asl\u0131nda Ferdi Ba\u015fkan\u0131m\u0131z, baz\u0131 b\u00fcrokratlar\u0131n g\u00f6revlerinden ayr\u0131lmas\u0131na karar vermi\u015fti. Bayram d\u00f6n\u00fc\u015f\u00fcnde bu b\u00fcrokratlarla yollar\u0131m\u0131z\u0131 ay\u0131rmay\u0131 planl\u0131yorduk. Ancak Ferdi Ba\u015fkan\u0131m\u0131z\u0131n vefat etti\u011fi g\u00fcn, biz ac\u0131m\u0131zla u\u011fra\u015f\u0131rken baz\u0131 b\u00fcrokrat arkada\u015flar hi\u00e7 olmamas\u0131 gereken \u015feylere imza atm\u0131\u015f. O ac\u0131l\u0131 g\u00fcn\u00fcm\u00fcz\u00fc f\u0131rsat bilerek, olmamas\u0131 gereken baz\u0131 anla\u015fmalara imza att\u0131klar\u0131 sonradan ortaya \u00e7\u0131kt\u0131. Biz de sonras\u0131nda Besim Ba\u015fkan\u0131m\u0131zla konuyu en ba\u015f\u0131ndan itibaren ele ald\u0131k. En sonunda, bahsedilen rant meselesiyle birlikte, Besim Ba\u015fkan\u0131m\u0131z da bu b\u00fcrokratlarla yollar\u0131n\u0131 ay\u0131rma karar\u0131 ald\u0131. Asl\u0131nda bu karar, Kurban Bayram\u0131 arifesinde al\u0131nm\u0131\u015f bir karard\u0131&#8221; dedi.<br \/>\n<br \/>Manisa B\u00fcy\u00fck\u015fehir Belediyesi MASK\u0130 Saruhanl\u0131 Koordinat\u00f6r\u00fc olarak g\u00f6rev yapan, ayn\u0131 zamanda Saruhanl\u0131 eski Belediye Ba\u015fkan\u0131 Zeki Bilgin g\u00f6revinden istifa etti. Bilgin\u2019in istifas\u0131, son g\u00fcnlerde sosyal medyada yapt\u0131\u011f\u0131 ele\u015ftirel payla\u015f\u0131mlarla birlikte CHP te\u015fkilat\u0131nda yank\u0131 uyand\u0131rd\u0131. Bilgin sosyal medya hesab\u0131ndan yapt\u0131\u011f\u0131 &#8220;Cesaret bazen se\u00e7tiklerin de\u011fil, vazge\u00e7tiklerindir. Kendi \u0131\u015f\u0131\u011f\u0131na g\u00fcvenen ba\u015fkas\u0131n\u0131n parlamas\u0131ndan korkmaz. Ya nasip dedik, yeni bir sayfa ve yeni bir yol \u00e7izdik&#8221; payla\u015f\u0131m\u0131yla istifa mesajlar\u0131n\u0131 vermi\u015fti. CHP Manisa \u0130l Ba\u015fkan\u0131 \u0130lksen \u00d6zalper, Bilgin\u2019in istifas\u0131 ve g\u00fcndeme oturan s\u00f6zleri hakk\u0131nda a\u00e7\u0131klamalarda bulundu. CHP Manisa \u0130l Ba\u015fkan\u0131 \u0130lksen \u00d6zalper, ayl\u0131k bas\u0131n toplant\u0131s\u0131nda gazetecilerin sorusu \u00fczerine Zeki Bilgin\u2019in istifas\u0131na ili\u015fkin a\u00e7\u0131klamalarda bulundu. Bilgin\u2019in baz\u0131 ki\u015fisel beklentileri oldu\u011funu dile getiren \u00d6zalper, \u015funlar\u0131 s\u00f6yledi: &#8220;Kendisinin bir tak\u0131m beklentileri vard\u0131. Hep s\u00f6yl\u00fcyoruz, Cumhuriyet Halk Partisi olarak birilerini kay\u0131rmak yerine liyakatten yanay\u0131z. Biz liyakatli kadrolarla, liyakatli bir genel m\u00fcd\u00fcrle yola devam etmeye karar verdik. Kendisi de bu durumdan rahats\u0131zl\u0131\u011f\u0131n\u0131 dile getirdi ve d\u00fcn itibariyle emeklilik dilek\u00e7esini verdi. Bundan sonraki s\u00fcre\u00e7te yollar\u0131m\u0131z\u0131 ay\u0131rmak daha sa\u011fl\u0131kl\u0131 olacakt\u0131r.&#8221;<br \/>\n<br \/>Yeni d\u00f6nemde partide disiplini ve ciddiyeti \u00f6ncelediklerini ifade eden \u00d6zalper, &#8220;Biz T\u00fcrkiye\u2019yi y\u00f6netmeye karar vermi\u015f bir partiyiz. Bunun i\u00e7in \u00f6nce disiplin gerekiyor. Ufak tefek \u00e7atlak sesler \u00e7\u0131kabilir, ancak bunlar susacak&#8221; diyerek parti i\u00e7i mesajlar verdi.<br \/>\n<br \/>A\u00e7\u0131klamalar\u0131nda ki\u015fisel hedeflere de\u011fil, parti disiplinine odakland\u0131\u011f\u0131n\u0131 belirten \u00d6zalper, &#8220;Ben bu koltukta gelece\u011fe dair planlar de\u011fil, do\u011fru olan\u0131 yapmak i\u00e7in oturuyorum. \u0130ki y\u0131l sonra bu koltuktan kalkt\u0131\u011f\u0131mda \u2018do\u011fru olan\u0131 yapt\u0131m\u2019 diyebilmek istiyorum&#8221; ifadelerini kulland\u0131.<br \/><\/p>\n","protected":false},"excerpt":{"rendered":"<p>Cumhuriyet Halk Partisi Manisa \u0130l Ba\u015fkan\u0131 \u0130lksen \u00d6zalper, ge\u00e7ti\u011fimiz hafta d\u00fczenlenen il kongresi sonras\u0131 bas\u0131n mensuplar\u0131yla d\u00fczenledi\u011fi toplant\u0131da sorular\u0131 yan\u0131tlad\u0131. Ge\u00e7ti\u011fimiz hafta kongre s\u00fcrecini tamamlayan CHP Manisa \u0130l Ba\u015fkan\u0131 \u0130lksen \u00d6zalper, bas\u0131n mensuplar\u0131yla toplant\u0131 d\u00fczenledi. Yeni y\u00f6netimini bas\u0131n mensuplar\u0131yla tan\u0131\u015ft\u0131ran Ba\u015fkan \u00d6zalper, gelen sorular\u0131 yan\u0131tlad\u0131. Ge\u00e7ti\u011fimiz g\u00fcnlerde sosyal medya da g\u00fcndem olan \u2018rant ekibi\u2019 iddialar\u0131&#8230;<\/p>\n","protected":false},"author":1,"featured_media":66178,"comment_status":"open","ping_status":"open","sticky":false,"template":"","format":"standard","meta":{"_crdt_document":"","footnotes":""},"categories":[127],"tags":[],"class_list":["post-66177","post","type-post","status-publish","format-standard","has-post-thumbnail","hentry","category-siyaset"],"_links":{"self":[{"href":"https:\/\/www.egemtv.com\/index.php?rest_route=\/wp\/v2\/posts\/66177","targetHints":{"allow":["GET"]}}],"collection":[{"href":"https:\/\/www.egemtv.com\/index.php?rest_route=\/wp\/v2\/posts"}],"about":[{"href":"https:\/\/www.egemtv.com\/index.php?rest_route=\/wp\/v2\/types\/post"}],"author":[{"embeddable":true,"href":"https:\/\/www.egemtv.com\/index.php?rest_route=\/wp\/v2\/users\/1"}],"replies":[{"embeddable":true,"href":"https:\/\/www.egemtv.com\/index.php?rest_route=%2Fwp%2Fv2%2Fcomments&post=66177"}],"version-history":[{"count":1,"href":"https:\/\/www.egemtv.com\/index.php?rest_route=\/wp\/v2\/posts\/66177\/revisions"}],"predecessor-version":[{"id":66179,"href":"https:\/\/www.egemtv.com\/index.php?rest_route=\/wp\/v2\/posts\/66177\/revisions\/66179"}],"wp:featuredmedia":[{"embeddable":true,"href":"https:\/\/www.egemtv.com\/index.php?rest_route=\/wp\/v2\/media\/66178"}],"wp:attachment":[{"href":"https:\/\/www.egemtv.com\/index.php?rest_route=%2Fwp%2Fv2%2Fmedia&parent=66177"}],"wp:term":[{"taxonomy":"category","embeddable":true,"href":"https:\/\/www.egemtv.com\/index.php?rest_route=%2Fwp%2Fv2%2Fcategories&post=66177"},{"taxonomy":"post_tag","embeddable":true,"href":"https:\/\/www.egemtv.com\/index.php?rest_route=%2Fwp%2Fv2%2Ftags&post=66177"}],"curies":[{"name":"wp","href":"https:\/\/api.w.org\/{rel}","templated":true}]}}