{"id":66174,"date":"2025-11-06T13:55:04","date_gmt":"2025-11-06T10:55:04","guid":{"rendered":"https:\/\/www.egemtv.com\/?p=66174"},"modified":"2025-11-06T13:55:08","modified_gmt":"2025-11-06T10:55:08","slug":"mugla-112-acil-cagri-merkezi-calisanlarina-dogru-beslenme-ve-durus-teknikleri-anlatildi","status":"publish","type":"post","link":"https:\/\/www.egemtv.com\/?p=66174","title":{"rendered":"Mu\u011fla 112 Acil \u00c7a\u011fr\u0131 Merkezi \u00e7al\u0131\u015fanlar\u0131na do\u011fru beslenme ve duru\u015f teknikleri anlat\u0131ld\u0131"},"content":{"rendered":"<p>Mu\u011fla 112 Acil \u00c7a\u011fr\u0131 Merkezi M\u00fcd\u00fcrl\u00fc\u011f\u00fc, personelinin zorlu ve vardiyal\u0131 \u00e7al\u0131\u015fma \u015fartlar\u0131nda sa\u011fl\u0131\u011f\u0131n\u0131 ve ya\u015fam kalitesini art\u0131rmak amac\u0131yla kapsaml\u0131 bir kurumsal e\u011fitim program\u0131 d\u00fczenledi.<\/p>\n<p>Uzun ve y\u00fcksek dikkat gerektiren mesailerine destek olmak ve \u00e7al\u0131\u015fanlar\u0131n verimlili\u011fini y\u00fckseltmek amac\u0131yla verilen e\u011fitimler, ba\u015far\u0131yla tamamland\u0131. \u00c7a\u011fr\u0131 merkezi \u00e7al\u0131\u015fanlar\u0131n\u0131n hem fiziksel hem de zihinsel olarak daha zinde kalmalar\u0131 ve mesleklerini daha verimli bir \u015fekilde s\u00fcrd\u00fcrmelerinin hedeflendi\u011fi e\u011fitim program\u0131 112 Acil \u00c7a\u011fr\u0131 Merkezi personelinin en \u00e7ok ihtiya\u00e7 duydu\u011fu iki temel alana odakland\u0131. Beslenme e\u011fitimi Kurum personeli Diyetisyen P\u0131nar G\u00fcven\u00e7 taraf\u0131ndan verildi. E\u011fitimde, vardiyal\u0131 ve yo\u011fun \u00e7al\u0131\u015fma d\u00fczeninde do\u011fru beslenme al\u0131\u015fkanl\u0131klar\u0131n\u0131n \u00f6nemi, enerji seviyesini koruma ve dikkat da\u011f\u0131n\u0131kl\u0131\u011f\u0131n\u0131 \u00f6nleme y\u00f6ntemleri anlat\u0131ld\u0131.<\/p>\n<p>Post\u00fcr e\u011fitimi ise kurum personeli Fizyoterapist Simge Karaka\u015f Kaplan taraf\u0131ndan verdi. Bu e\u011fitimde ise uzun s\u00fcre sabit pozisyonda \u00e7al\u0131\u015fma sonucu ortaya \u00e7\u0131kabilecek duru\u015f bozukluklar\u0131, a\u011fr\u0131lar ve bunlar\u0131 \u00f6nlemeye y\u00f6nelik egzersizler ve do\u011fru oturma teknikleri hakk\u0131nda bilgilendirme ve fark\u0131ndal\u0131k \u00e7al\u0131\u015fmalar\u0131 yap\u0131ld\u0131.<br \/><\/p>\n","protected":false},"excerpt":{"rendered":"<p>Mu\u011fla 112 Acil \u00c7a\u011fr\u0131 Merkezi M\u00fcd\u00fcrl\u00fc\u011f\u00fc, personelinin zorlu ve vardiyal\u0131 \u00e7al\u0131\u015fma \u015fartlar\u0131nda sa\u011fl\u0131\u011f\u0131n\u0131 ve ya\u015fam kalitesini art\u0131rmak amac\u0131yla kapsaml\u0131 bir kurumsal e\u011fitim program\u0131 d\u00fczenledi. Uzun ve y\u00fcksek dikkat gerektiren mesailerine destek olmak ve \u00e7al\u0131\u015fanlar\u0131n verimlili\u011fini y\u00fckseltmek amac\u0131yla verilen e\u011fitimler, ba\u015far\u0131yla tamamland\u0131. \u00c7a\u011fr\u0131 merkezi \u00e7al\u0131\u015fanlar\u0131n\u0131n hem fiziksel hem de zihinsel olarak daha zinde kalmalar\u0131 ve mesleklerini&#8230;<\/p>\n","protected":false},"author":1,"featured_media":66175,"comment_status":"open","ping_status":"open","sticky":false,"template":"","format":"standard","meta":{"_crdt_document":"","footnotes":""},"categories":[1],"tags":[],"class_list":["post-66174","post","type-post","status-publish","format-standard","has-post-thumbnail","hentry","category-guncel"],"_links":{"self":[{"href":"https:\/\/www.egemtv.com\/index.php?rest_route=\/wp\/v2\/posts\/66174","targetHints":{"allow":["GET"]}}],"collection":[{"href":"https:\/\/www.egemtv.com\/index.php?rest_route=\/wp\/v2\/posts"}],"about":[{"href":"https:\/\/www.egemtv.com\/index.php?rest_route=\/wp\/v2\/types\/post"}],"author":[{"embeddable":true,"href":"https:\/\/www.egemtv.com\/index.php?rest_route=\/wp\/v2\/users\/1"}],"replies":[{"embeddable":true,"href":"https:\/\/www.egemtv.com\/index.php?rest_route=%2Fwp%2Fv2%2Fcomments&post=66174"}],"version-history":[{"count":1,"href":"https:\/\/www.egemtv.com\/index.php?rest_route=\/wp\/v2\/posts\/66174\/revisions"}],"predecessor-version":[{"id":66176,"href":"https:\/\/www.egemtv.com\/index.php?rest_route=\/wp\/v2\/posts\/66174\/revisions\/66176"}],"wp:featuredmedia":[{"embeddable":true,"href":"https:\/\/www.egemtv.com\/index.php?rest_route=\/wp\/v2\/media\/66175"}],"wp:attachment":[{"href":"https:\/\/www.egemtv.com\/index.php?rest_route=%2Fwp%2Fv2%2Fmedia&parent=66174"}],"wp:term":[{"taxonomy":"category","embeddable":true,"href":"https:\/\/www.egemtv.com\/index.php?rest_route=%2Fwp%2Fv2%2Fcategories&post=66174"},{"taxonomy":"post_tag","embeddable":true,"href":"https:\/\/www.egemtv.com\/index.php?rest_route=%2Fwp%2Fv2%2Ftags&post=66174"}],"curies":[{"name":"wp","href":"https:\/\/api.w.org\/{rel}","templated":true}]}}