{"id":66171,"date":"2025-11-06T13:54:59","date_gmt":"2025-11-06T10:54:59","guid":{"rendered":"https:\/\/www.egemtv.com\/?p=66171"},"modified":"2025-11-06T13:55:01","modified_gmt":"2025-11-06T10:55:01","slug":"muski-koycegiz-zeytinalaninda-yagmur-suyu-taskinlarinin-onune-geciyor","status":"publish","type":"post","link":"https:\/\/www.egemtv.com\/?p=66171","title":{"rendered":"MUSK\u0130, K\u00f6yce\u011fiz Zeytinalan\u0131\u2019nda ya\u011fmur suyu ta\u015fk\u0131nlar\u0131n\u0131n \u00f6n\u00fcne ge\u00e7iyor"},"content":{"rendered":"<p>Mu\u011fla Su ve Kanalizasyon \u0130daresi (MUSK\u0130) Genel M\u00fcd\u00fcrl\u00fc\u011f\u00fc, K\u00f6yce\u011fiz il\u00e7esine ba\u011fl\u0131 Zeytinalan\u0131 Mahallesi\u2019nde ya\u011fmur sular\u0131n\u0131n neden oldu\u011fu ta\u015fk\u0131n ve sel olaylar\u0131n\u0131n \u00f6n\u00fcne ge\u00e7mek amac\u0131yla ya\u011fmur suyu hatt\u0131 imalat\u0131na ba\u015flad\u0131.<br \/>\n<br \/>Mu\u011fla B\u00fcy\u00fck\u015fehir Belediye Ba\u015fkan\u0131 Ahmet Aras\u2019\u0131n il genelinde altyap\u0131n\u0131n g\u00fc\u00e7lendirilmesi, vatanda\u015flar\u0131n yo\u011fun ya\u011f\u0131\u015f sonras\u0131nda olu\u015fan ta\u015fk\u0131nlar ve selden olumsuz etkilenmemesi y\u00f6n\u00fcndeki talimatlar\u0131yla yat\u0131r\u0131mlar\u0131na devam eden MUSK\u0130 ekipleri \u00e7al\u0131\u015fmalar\u0131na devam ediyor. \u00c7al\u0131\u015fma kapsam\u0131nda Zeytinalan\u0131 Mahallesi\u2019nin \u00fcst kotlar\u0131nda ya\u011f\u0131\u015f\u0131n yo\u011fun oldu\u011fu d\u00f6nemlerde biriken ve mahallede ta\u015fk\u0131nlara neden olan sular\u0131n kontroll\u00fc bi\u00e7imde tahliye edilmesi amac\u0131yla ba\u015flat\u0131lan \u00e7al\u0131\u015fma kapsam\u0131nda 1000\u2019lik b\u00fcz borularla yeni bir hat imalat\u0131 ger\u00e7ekle\u015ftiriliyor. Yap\u0131lan bu hat sayesinde ya\u011fmur sular\u0131 toplanarak g\u00fcvenli bi\u00e7imde B\u00fcy\u00fck\u00e7ay Deresi\u2019ne aktar\u0131l\u0131p, sel ve ta\u015fk\u0131nlar\u0131n \u00f6n\u00fcne ge\u00e7ilmekle birlikte ya\u011fmur suyunun yeniden do\u011faya kazand\u0131r\u0131lmas\u0131 sa\u011flanacak.<br \/>\n<br \/>B\u00f6lgede yo\u011fun ya\u011f\u0131\u015f sonras\u0131 ya\u015fanan ta\u015fk\u0131n ve sel olaylar\u0131n\u0131n \u00f6n\u00fcn\u00fc ge\u00e7ilmesi i\u00e7in ba\u015flat\u0131lan projenin \u00f6nemine vurgu yapan Zeytinalan\u0131 Mahallesi Muhtar\u0131 Sezgin Ko\u00e7yi\u011fit, Mahallede uzun s\u00fcredir her k\u0131\u015f, ya\u011f\u0131\u015f sonras\u0131 sel ve ta\u015fk\u0131nlar nedeniyle yollar\u0131n kapand\u0131\u011f\u0131n\u0131 s\u00f6yledi.<br \/><\/p>\n","protected":false},"excerpt":{"rendered":"<p>Mu\u011fla Su ve Kanalizasyon \u0130daresi (MUSK\u0130) Genel M\u00fcd\u00fcrl\u00fc\u011f\u00fc, K\u00f6yce\u011fiz il\u00e7esine ba\u011fl\u0131 Zeytinalan\u0131 Mahallesi\u2019nde ya\u011fmur sular\u0131n\u0131n neden oldu\u011fu ta\u015fk\u0131n ve sel olaylar\u0131n\u0131n \u00f6n\u00fcne ge\u00e7mek amac\u0131yla ya\u011fmur suyu hatt\u0131 imalat\u0131na ba\u015flad\u0131. Mu\u011fla B\u00fcy\u00fck\u015fehir Belediye Ba\u015fkan\u0131 Ahmet Aras\u2019\u0131n il genelinde altyap\u0131n\u0131n g\u00fc\u00e7lendirilmesi, vatanda\u015flar\u0131n yo\u011fun ya\u011f\u0131\u015f sonras\u0131nda olu\u015fan ta\u015fk\u0131nlar ve selden olumsuz etkilenmemesi y\u00f6n\u00fcndeki talimatlar\u0131yla yat\u0131r\u0131mlar\u0131na devam eden MUSK\u0130&#8230;<\/p>\n","protected":false},"author":1,"featured_media":66172,"comment_status":"open","ping_status":"open","sticky":false,"template":"","format":"standard","meta":{"_crdt_document":"","footnotes":""},"categories":[1],"tags":[],"class_list":["post-66171","post","type-post","status-publish","format-standard","has-post-thumbnail","hentry","category-guncel"],"_links":{"self":[{"href":"https:\/\/www.egemtv.com\/index.php?rest_route=\/wp\/v2\/posts\/66171","targetHints":{"allow":["GET"]}}],"collection":[{"href":"https:\/\/www.egemtv.com\/index.php?rest_route=\/wp\/v2\/posts"}],"about":[{"href":"https:\/\/www.egemtv.com\/index.php?rest_route=\/wp\/v2\/types\/post"}],"author":[{"embeddable":true,"href":"https:\/\/www.egemtv.com\/index.php?rest_route=\/wp\/v2\/users\/1"}],"replies":[{"embeddable":true,"href":"https:\/\/www.egemtv.com\/index.php?rest_route=%2Fwp%2Fv2%2Fcomments&post=66171"}],"version-history":[{"count":1,"href":"https:\/\/www.egemtv.com\/index.php?rest_route=\/wp\/v2\/posts\/66171\/revisions"}],"predecessor-version":[{"id":66173,"href":"https:\/\/www.egemtv.com\/index.php?rest_route=\/wp\/v2\/posts\/66171\/revisions\/66173"}],"wp:featuredmedia":[{"embeddable":true,"href":"https:\/\/www.egemtv.com\/index.php?rest_route=\/wp\/v2\/media\/66172"}],"wp:attachment":[{"href":"https:\/\/www.egemtv.com\/index.php?rest_route=%2Fwp%2Fv2%2Fmedia&parent=66171"}],"wp:term":[{"taxonomy":"category","embeddable":true,"href":"https:\/\/www.egemtv.com\/index.php?rest_route=%2Fwp%2Fv2%2Fcategories&post=66171"},{"taxonomy":"post_tag","embeddable":true,"href":"https:\/\/www.egemtv.com\/index.php?rest_route=%2Fwp%2Fv2%2Ftags&post=66171"}],"curies":[{"name":"wp","href":"https:\/\/api.w.org\/{rel}","templated":true}]}}