{"id":66168,"date":"2025-11-06T13:35:08","date_gmt":"2025-11-06T10:35:08","guid":{"rendered":"https:\/\/www.egemtv.com\/?p=66168"},"modified":"2025-11-06T13:35:09","modified_gmt":"2025-11-06T10:35:09","slug":"meahta-organ-bagisi-farkindaligi-etkinligi","status":"publish","type":"post","link":"https:\/\/www.egemtv.com\/?p=66168","title":{"rendered":"MEAH\u2019ta organ ba\u011f\u0131\u015f\u0131 fark\u0131ndal\u0131\u011f\u0131 etkinli\u011fi"},"content":{"rendered":"<p>Mu\u011fla E\u011fitim ve Ara\u015ft\u0131rma Hastanesi Organ ve Doku Nakli Koordinat\u00f6rl\u00fc\u011f\u00fc, 3-9 Kas\u0131m \u2019Organ Ba\u011f\u0131\u015f\u0131 Haftas\u0131\u2019 dolay\u0131s\u0131yla etkinlik d\u00fczenledi.<\/p>\n<p>Organ ba\u011f\u0131\u015f\u0131 say\u0131s\u0131n\u0131 art\u0131rmay\u0131 ve toplumsal bilinci y\u00fckseltmeyi hedefleyen etkinlik kapsam\u0131nda kurulan stant, hastaneye ba\u015fvuran vatanda\u015flardan yo\u011fun ilgi g\u00f6rd\u00fc. Mu\u011fla S\u0131tk\u0131 Ko\u00e7man \u00dcniversitesi T\u0131p Fak\u00fcltesi Avrupa T\u0131p \u00d6\u011frencileri Birli\u011fi (EMSA) \u00fcyeleri, stantta g\u00f6rev alarak vatanda\u015flara organ ba\u011f\u0131\u015f\u0131n\u0131n hayati \u00f6nemi ve ba\u011f\u0131\u015f s\u00fcreci hakk\u0131nda detayl\u0131 bilgilendirmeler yapt\u0131. Organ ba\u011f\u0131\u015f\u0131nda bulunmak isteyen g\u00f6n\u00fcll\u00fc vatanda\u015flar\u0131n talepleri, stantta haz\u0131r bulunan Organ Ba\u011f\u0131\u015f Birim Sorumlusu taraf\u0131ndan form doldurularak kabul edildi ve ba\u011f\u0131\u015f s\u00fcreci ba\u015flat\u0131ld\u0131. Programa, Hastane Ba\u015fhekimi Prof. Dr. Ethem Acar ve y\u00f6netim ekibi de kat\u0131l\u0131m sa\u011flad\u0131. Ba\u015fhekim Acar, topluma \u00f6rnek olmak ad\u0131na bizzat organ ba\u011f\u0131\u015f\u0131nda bulunarak organ ve doku ba\u011f\u0131\u015f kart\u0131n\u0131 g\u00f6revlilerden teslim ald\u0131.<\/p>\n<p>Organ ve Doku Nakil Koordinat\u00f6rl\u00fc\u011f\u00fc birimi, bu t\u00fcr etkinliklerin organ ba\u011f\u0131\u015f\u0131 bilincini art\u0131rmada hayati bir rol oynad\u0131\u011f\u0131n\u0131 vurgulayarak vatanda\u015flar\u0131 organ ba\u011f\u0131\u015f\u0131 yapmaya davet etti.<br \/><\/p>\n","protected":false},"excerpt":{"rendered":"<p>Mu\u011fla E\u011fitim ve Ara\u015ft\u0131rma Hastanesi Organ ve Doku Nakli Koordinat\u00f6rl\u00fc\u011f\u00fc, 3-9 Kas\u0131m \u2019Organ Ba\u011f\u0131\u015f\u0131 Haftas\u0131\u2019 dolay\u0131s\u0131yla etkinlik d\u00fczenledi. Organ ba\u011f\u0131\u015f\u0131 say\u0131s\u0131n\u0131 art\u0131rmay\u0131 ve toplumsal bilinci y\u00fckseltmeyi hedefleyen etkinlik kapsam\u0131nda kurulan stant, hastaneye ba\u015fvuran vatanda\u015flardan yo\u011fun ilgi g\u00f6rd\u00fc. Mu\u011fla S\u0131tk\u0131 Ko\u00e7man \u00dcniversitesi T\u0131p Fak\u00fcltesi Avrupa T\u0131p \u00d6\u011frencileri Birli\u011fi (EMSA) \u00fcyeleri, stantta g\u00f6rev alarak vatanda\u015flara organ ba\u011f\u0131\u015f\u0131n\u0131n&#8230;<\/p>\n","protected":false},"author":1,"featured_media":66169,"comment_status":"open","ping_status":"open","sticky":false,"template":"","format":"standard","meta":{"_crdt_document":"","footnotes":""},"categories":[2],"tags":[],"class_list":["post-66168","post","type-post","status-publish","format-standard","has-post-thumbnail","hentry","category-saglik"],"_links":{"self":[{"href":"https:\/\/www.egemtv.com\/index.php?rest_route=\/wp\/v2\/posts\/66168","targetHints":{"allow":["GET"]}}],"collection":[{"href":"https:\/\/www.egemtv.com\/index.php?rest_route=\/wp\/v2\/posts"}],"about":[{"href":"https:\/\/www.egemtv.com\/index.php?rest_route=\/wp\/v2\/types\/post"}],"author":[{"embeddable":true,"href":"https:\/\/www.egemtv.com\/index.php?rest_route=\/wp\/v2\/users\/1"}],"replies":[{"embeddable":true,"href":"https:\/\/www.egemtv.com\/index.php?rest_route=%2Fwp%2Fv2%2Fcomments&post=66168"}],"version-history":[{"count":1,"href":"https:\/\/www.egemtv.com\/index.php?rest_route=\/wp\/v2\/posts\/66168\/revisions"}],"predecessor-version":[{"id":66170,"href":"https:\/\/www.egemtv.com\/index.php?rest_route=\/wp\/v2\/posts\/66168\/revisions\/66170"}],"wp:featuredmedia":[{"embeddable":true,"href":"https:\/\/www.egemtv.com\/index.php?rest_route=\/wp\/v2\/media\/66169"}],"wp:attachment":[{"href":"https:\/\/www.egemtv.com\/index.php?rest_route=%2Fwp%2Fv2%2Fmedia&parent=66168"}],"wp:term":[{"taxonomy":"category","embeddable":true,"href":"https:\/\/www.egemtv.com\/index.php?rest_route=%2Fwp%2Fv2%2Fcategories&post=66168"},{"taxonomy":"post_tag","embeddable":true,"href":"https:\/\/www.egemtv.com\/index.php?rest_route=%2Fwp%2Fv2%2Ftags&post=66168"}],"curies":[{"name":"wp","href":"https:\/\/api.w.org\/{rel}","templated":true}]}}