{"id":66165,"date":"2025-11-06T13:35:06","date_gmt":"2025-11-06T10:35:06","guid":{"rendered":"https:\/\/www.egemtv.com\/?p=66165"},"modified":"2025-11-06T13:35:07","modified_gmt":"2025-11-06T10:35:07","slug":"baskan-gunel-2026da-kusadasi-icin-ingiliz-pazari-2025ten-daha-iyi-olacak","status":"publish","type":"post","link":"https:\/\/www.egemtv.com\/?p=66165","title":{"rendered":"Ba\u015fkan G\u00fcnel: &#8220;2026\u2019da Ku\u015fadas\u0131 i\u00e7in \u0130ngiliz pazar\u0131 2025\u2019ten daha iyi olacak&#8221;"},"content":{"rendered":"<p>Ku\u015fadas\u0131 Belediyesi, d\u00fcnyan\u0131n en \u00f6nemli turizm fuarlar\u0131ndan biri olan World Travel Market Londra Fuar\u0131\u2019na (WTM) kat\u0131ld\u0131. Fuarda T\u00fcrkiye\u2019ye ayr\u0131lan stant alan\u0131n\u0131 ziyaret etmeye gelen misafirlerle bire bir ilgilenerek Ku\u015fadas\u0131\u2019n\u0131n tan\u0131t\u0131m\u0131n\u0131 yapan Ba\u015fkan \u00d6mer G\u00fcnel, &#8220;\u00d6n\u00fcm\u00fczdeki y\u0131l Ku\u015fadas\u0131 i\u00e7in \u0130ngiliz pazar\u0131 2025\u2019ten daha iyi olacak&#8221; dedi.<\/p>\n<p>\u0130ngiltere\u2019nin ba\u015fkenti Londra\u2019da d\u00fcnya turizm pazar\u0131n\u0131n en \u00f6nemli destinasyonlar\u0131 ve firmalar\u0131n\u0131n kat\u0131ld\u0131\u011f\u0131 World Travel Market (WTM) Londra Fuar\u0131 ba\u015flad\u0131. Seyahat profesyonellerinin bulu\u015ftu\u011fu ve i\u015f anla\u015fmalar\u0131n\u0131n yap\u0131ld\u0131\u011f\u0131 fuarda, Ku\u015fadas\u0131 Belediyesi de T\u00fcrkiye Turizm Tan\u0131t\u0131m ve Geli\u015ftirme Ajans\u0131\u2019na (TGA) ait stant alan\u0131nda \u00e7e\u015fitli g\u00f6rsel materyallerle kentin sahip oldu\u011fu do\u011fal, tarihi ve k\u00fclt\u00fcrel zenginlikler ile konaklama imkanlar\u0131n\u0131n tan\u0131t\u0131m\u0131n\u0131 yapt\u0131. Fuarda, Ku\u015fadas\u0131 Belediyesi T\u00fcrkiye\u2019ye \u0130ngiliz turist getiren seyahat acentalar\u0131n\u0131n temsilcileriyle de toplant\u0131lar yaparak yak\u0131n ili\u015fkiler kurdu. Belediye Ba\u015fkan\u0131 \u00d6mer G\u00fcnel de Belediye Meclis \u00fcyeleri Fahrettin \u00c7i\u00e7ek, Tacettin \u00d6zden ve Eda Yurtcan ile birlikte TGA\u2019n\u0131n T\u00fcrkiye stant alan\u0131n\u0131 ziyaret etmeye gelen misafirlerle bire bir ilgilenip, Ku\u015fadas\u0131 hakk\u0131nda detayl\u0131 bilgi verdi.<\/p>\n<p>&#8220;\u00d6n\u00fcm\u00fczdeki y\u0131l \u0130ngiliz pazar\u0131 daha iyi olacak&#8221;<br \/>\n<br \/>Gelecek y\u0131l Ku\u015fadas\u0131\u2019n\u0131 \u0130ngiliz turist pazar\u0131 a\u00e7\u0131s\u0131ndan 2025\u2019e g\u00f6re \u00e7ok daha iyi bir sezonun bekledi\u011fini belirten Ba\u015fkan \u00d6mer G\u00fcnel, &#8220;\u00d6ncelikle \u0130ngiltere\u2019deki fuarda Ku\u015fadas\u0131\u2019na g\u00f6sterilen yo\u011fun ilgi bizleri \u00e7ok memnun etti. B\u00f6lgemizde \u0130ngiliz pazar\u0131, yabanc\u0131 kaynak pazarlar i\u00e7erisinde \u00f6nemli bir yer tutuyor. Uzun zamand\u0131r buradaki fuara kat\u0131lan acentelere destek verdi\u011fimiz bir s\u00fcreci ya\u015f\u0131yoruz. Bu desteklerin de kentimize olumlu y\u00f6nde yans\u0131d\u0131\u011f\u0131n\u0131 g\u00f6r\u00fcyoruz. Burada edindi\u011fimiz \u00e7ok \u00f6nemli bir bilgiyi de payla\u015fmak istiyorum. \u00dclkemiz genelinde \u0130ngiliz turist say\u0131s\u0131 a\u00e7\u0131s\u0131ndan bir miktar kay\u0131p ya\u015fansa da Ku\u015fadas\u0131\u2019na gelen \u0130ngilizler bak\u0131m\u0131ndan art\u0131\u015f var. Bu verdi\u011fimiz eme\u011fin ne kadar k\u0131ymetli oldu\u011funu g\u00f6steriyor. Ben buradan Ku\u015fadas\u0131\u2019ndaki esnaf ve turizmcilere \u00f6n\u00fcm\u00fczdeki y\u0131l\u0131n \u0130ngiliz pazar\u0131 a\u00e7\u0131s\u0131ndan kentimiz i\u00e7in 2025\u2019ten daha iyi olaca\u011f\u0131n\u0131n m\u00fcjdesini vermek istiyorum&#8221; diye konu\u015ftu.<br \/><\/p>\n","protected":false},"excerpt":{"rendered":"<p>Ku\u015fadas\u0131 Belediyesi, d\u00fcnyan\u0131n en \u00f6nemli turizm fuarlar\u0131ndan biri olan World Travel Market Londra Fuar\u0131\u2019na (WTM) kat\u0131ld\u0131. Fuarda T\u00fcrkiye\u2019ye ayr\u0131lan stant alan\u0131n\u0131 ziyaret etmeye gelen misafirlerle bire bir ilgilenerek Ku\u015fadas\u0131\u2019n\u0131n tan\u0131t\u0131m\u0131n\u0131 yapan Ba\u015fkan \u00d6mer G\u00fcnel, &#8220;\u00d6n\u00fcm\u00fczdeki y\u0131l Ku\u015fadas\u0131 i\u00e7in \u0130ngiliz pazar\u0131 2025\u2019ten daha iyi olacak&#8221; dedi. \u0130ngiltere\u2019nin ba\u015fkenti Londra\u2019da d\u00fcnya turizm pazar\u0131n\u0131n en \u00f6nemli destinasyonlar\u0131 ve&#8230;<\/p>\n","protected":false},"author":1,"featured_media":66166,"comment_status":"open","ping_status":"open","sticky":false,"template":"","format":"standard","meta":{"_crdt_document":"","footnotes":""},"categories":[125],"tags":[],"class_list":["post-66165","post","type-post","status-publish","format-standard","has-post-thumbnail","hentry","category-ekonomi"],"_links":{"self":[{"href":"https:\/\/www.egemtv.com\/index.php?rest_route=\/wp\/v2\/posts\/66165","targetHints":{"allow":["GET"]}}],"collection":[{"href":"https:\/\/www.egemtv.com\/index.php?rest_route=\/wp\/v2\/posts"}],"about":[{"href":"https:\/\/www.egemtv.com\/index.php?rest_route=\/wp\/v2\/types\/post"}],"author":[{"embeddable":true,"href":"https:\/\/www.egemtv.com\/index.php?rest_route=\/wp\/v2\/users\/1"}],"replies":[{"embeddable":true,"href":"https:\/\/www.egemtv.com\/index.php?rest_route=%2Fwp%2Fv2%2Fcomments&post=66165"}],"version-history":[{"count":1,"href":"https:\/\/www.egemtv.com\/index.php?rest_route=\/wp\/v2\/posts\/66165\/revisions"}],"predecessor-version":[{"id":66167,"href":"https:\/\/www.egemtv.com\/index.php?rest_route=\/wp\/v2\/posts\/66165\/revisions\/66167"}],"wp:featuredmedia":[{"embeddable":true,"href":"https:\/\/www.egemtv.com\/index.php?rest_route=\/wp\/v2\/media\/66166"}],"wp:attachment":[{"href":"https:\/\/www.egemtv.com\/index.php?rest_route=%2Fwp%2Fv2%2Fmedia&parent=66165"}],"wp:term":[{"taxonomy":"category","embeddable":true,"href":"https:\/\/www.egemtv.com\/index.php?rest_route=%2Fwp%2Fv2%2Fcategories&post=66165"},{"taxonomy":"post_tag","embeddable":true,"href":"https:\/\/www.egemtv.com\/index.php?rest_route=%2Fwp%2Fv2%2Ftags&post=66165"}],"curies":[{"name":"wp","href":"https:\/\/api.w.org\/{rel}","templated":true}]}}