{"id":66081,"date":"2025-11-06T10:15:01","date_gmt":"2025-11-06T07:15:01","guid":{"rendered":"https:\/\/www.egemtv.com\/?p=66081"},"modified":"2025-11-06T10:15:04","modified_gmt":"2025-11-06T07:15:04","slug":"sivasli-genc-kadin-sifayi-izmirde-buldu-artik-korkmadan-yasiyorum","status":"publish","type":"post","link":"https:\/\/www.egemtv.com\/?p=66081","title":{"rendered":"Sivasl\u0131 gen\u00e7 kad\u0131n \u015fifay\u0131 \u0130zmir\u2019de buldu: &#8220;Art\u0131k korkmadan ya\u015f\u0131yorum&#8221;"},"content":{"rendered":"<p>Sivas\u2019ta ya\u015fayan 28 ya\u015f\u0131ndaki Reyhan Yi\u011fitsoy, 4 y\u0131l \u00f6nce ge\u00e7irdi\u011fi bir rahats\u0131zl\u0131k sonucu trigeminal nevralji tan\u0131s\u0131 ald\u0131. Y\u0131llarca ila\u00e7 ve \u00e7e\u015fitli tedavi y\u00f6ntemleri deneyerek hastal\u0131\u011f\u0131yla m\u00fccadele eden Reyhan Yi\u011fitsoy, Medicana Sa\u011fl\u0131k Grubu Beyin ve Sinir Cerrahisi B\u00f6l\u00fcm\u00fc\u2019nden Prof. Dr. \u00d6zhan Merzuk U\u00e7kun\u2019un yapt\u0131\u011f\u0131 ba\u015far\u0131l\u0131 operasyon sayesinde sa\u011fl\u0131\u011f\u0131na kavu\u015ftu. Reyhan Yi\u011fitsoy, &#8220;\u015eu an \u00e7ok iyiyim korkusuzca ya\u015famak \u00e7ok g\u00fczel bir \u015fey&#8221; dedi.<br \/>\n<br \/>Sivas\u2019ta ya\u015fayan 28 ya\u015f\u0131ndaki Reyhan Yi\u011fitsoy\u2019un, 2021 y\u0131l\u0131nda ya\u015fad\u0131\u011f\u0131 sa\u011fl\u0131k sorunuyla hayat\u0131 de\u011fi\u015fti. Bir sabah uyand\u0131\u011f\u0131nda y\u00fcz\u00fcn\u00fcn sol taraf\u0131nda ani bir \u00e7ekme hissi ile uyand\u0131\u011f\u0131n\u0131 aktaran Reyhan Yi\u011fitsoy, &#8220;G\u00f6r\u00fcn\u00fcrde bir \u015fey yoktu ancak fel\u00e7 ge\u00e7irdi\u011fim endi\u015fesiyle hemen bir n\u00f6roloji poliklini\u011fine ba\u015fvurdum. Orada yap\u0131lan tetkikler sonucu da trigeminal nevralji tan\u0131s\u0131 ald\u0131m&#8221; dedi. Reyhan Yi\u011fitsoy, &#8220;\u00c7e\u015fitli ila\u00e7 tedavileri uyguland\u0131. Ancak buna ra\u011fmen a\u011fr\u0131lar\u0131m\u0131n \u015fiddeti artt\u0131. \u0130ki kez radyofrekans yap\u0131ld\u0131 ama fayda sa\u011flamad\u0131. \u0130la\u00e7 tedavilerine s\u00fcrekli eklemeler, \u00e7\u0131karmalar oldu. Kulland\u0131\u011f\u0131m ila\u00e7lardan ve \u015fiddetli atak ge\u00e7irmelerden sonra \u00e7enem kitlendi ve artrosentez yapt\u0131rmam gerekti. Uzun bir d\u00f6nem gece pla\u011f\u0131 kullanmak zorunda kald\u0131m. \u0130la\u00e7lara ra\u011fmen a\u011fr\u0131lar\u0131m ge\u00e7meyince bir algolo\u011fa ba\u015fvurdum. Algolog tek \u015fans\u0131m\u0131n ameliyat oldu\u011funu ve ba\u015fka t\u00fcrl\u00fc tedavi olamayaca\u011f\u0131m\u0131 s\u00f6yledi&#8221; diyerek, tedavi s\u00fcrecinde ya\u015fad\u0131klar\u0131n\u0131 payla\u015ft\u0131. Tedavilerinden bir sonu\u00e7 alamayan ve de hastal\u0131\u011f\u0131yla bir \u015fekilde ya\u015famaya \u00e7al\u0131\u015fan Reyhan Yi\u011fitsoy, tatil i\u00e7in k\u0131z karde\u015finin yan\u0131na geldi\u011finde ge\u00e7irdi\u011fi atak tedaviye ula\u015fmas\u0131n\u0131 sa\u011flad\u0131.<\/p>\n<p>Yapay zekadan ara\u015ft\u0131rd\u0131lar<br \/>\n<br \/>K\u0131z karde\u015finin yan\u0131nda ge\u00e7irdi\u011fi atak sonucunda karde\u015finin, hastal\u0131\u011f\u0131na \u00e7are bulmak i\u00e7in ara\u015ft\u0131rma yapma ihtiyac\u0131 hissetti\u011fini ve bu nedenle ilk i\u015f olarak yapay zekadan faydaland\u0131\u011f\u0131n\u0131 aktaran Reyhan \u00d6zdemir, &#8220;Ben hastal\u0131\u011f\u0131 kabullendi\u011fim i\u00e7in ekstra bir ara\u015ft\u0131rmaya girmemi\u015ftim. Ancak k\u0131z karde\u015fim yapay zeka \u00fczerinden \u2018Bu alanda en iyi hekim kimdir?\u2019 diye bir ara\u015ft\u0131rma yapt\u0131\u011f\u0131nda ilk s\u0131rada Medicana International \u0130zmir Hastanesi Beyin ve Sinir Cerrahisi Uzman\u0131 Prof. Dr. \u00d6zhan Merzuk U\u00e7kun\u2019u g\u00f6rm\u00fc\u015f. Bunun \u00fczerine Prof. Dr. \u00d6zhan Merzuk U\u00e7kun ile ileti\u015fime ge\u00e7tik. Ertesi g\u00fcn de hastaneye geldik. Sonras\u0131nda ameliyat i\u00e7in uygun olup olmad\u0131\u011f\u0131ma bak\u0131ld\u0131. Prof. Dr. \u00d6zhan Merzuk U\u00e7kun ameliyat i\u00e7in uygun oldu\u011fumu s\u00f6yledi. Bir ay sonra da ameliyat oldum&#8221; s\u00f6zlerini kaydetti.<\/p>\n<p>Korkusuzca ya\u015famak \u00e7ok g\u00fczel bir \u015fey<br \/>\n<br \/>Hastal\u0131\u011f\u0131 nedeniyle g\u00fcnde 4-5 kere atak ge\u00e7irdi\u011fini, \u00e7enesinin kitlendi\u011fini ve yemek yerken, du\u015f al\u0131rken atak ge\u00e7irme endi\u015fesi ya\u015fad\u0131\u011f\u0131n\u0131 payla\u015fan Reyhan \u00d6zdemir, &#8220;\u015eu an \u00e7ok iyiyim. Korkusuzca ya\u015famak \u00e7ok g\u00fczel bir \u015fey&#8230; \u00c7\u00fcnk\u00fc hastal\u0131k nedeniyle g\u00fcnl\u00fck hayat\u0131mda, sosyal hayat\u0131mda tamamen bitmi\u015fti. Yemek yeme\u011fe bile korkuyordum. D\u00fczg\u00fcn bir \u015fekilde uyuyam\u0131yordum. Korkmadan ya\u015fayabilmenin ne demek oldu\u011funu, Prof. Dr. \u00d6zhan Merzuk U\u00e7kun sayesinde yeniden hat\u0131rlad\u0131m. Kendisine te\u015fekk\u00fcr ederim&#8221; s\u00f6zlerini kaydetti.<\/p>\n<p>Y\u00fcz\u00fcn\u00fcz\u00fc y\u0131karken bile tetiklenebilir<br \/>\n<br \/>Trigeminal nevralji hakk\u0131nda bilgi veren Prof. Dr. \u00d6zhan Merzuk U\u00e7kun, &#8220;Trigeminal nevralji, kafa ve y\u00fcz b\u00f6lgesine uyar\u0131 g\u00f6t\u00fcren sinirlerden biri olan Trigeminal (5. Sinir) sinirin herhangi bir sebeple etkilenmesi sonucu ortaya \u00e7\u0131kan bir hastal\u0131kt\u0131r. Toplumda \u2018delirten hastal\u0131k\u2019 veya \u2018intihar hastal\u0131\u011f\u0131\u2019 olarak bilinir. Beyincik damarlar\u0131n\u0131n bu sinire bas\u0131s\u0131 ile ortaya \u00e7\u0131kan bu hastal\u0131kta, \u00fcst ve alt \u00e7ene, yanak ve g\u00f6z b\u00f6lgesinde a\u011fr\u0131 \u015fikayetleri olu\u015fturabilir. Y\u00fcz y\u0131kama, di\u015f f\u0131r\u00e7alama, yemek yeme veya tra\u015f olma gibi faaliyetler a\u011fr\u0131n\u0131n tetiklenmesine neden olabilir. \u00c7o\u011fu hasta bu nedenle ilk olarak di\u015f hekimine ba\u015fvurur&#8221; dedi. Trigeminal nevralji hastal\u0131\u011f\u0131n\u0131n tedavisinin ilk olarak ila\u00e7la ba\u015flad\u0131\u011f\u0131n\u0131 belirten Prof. Dr. \u00d6zhan Merzuk U\u00e7kun s\u00f6zlerini \u015f\u00f6yle tamamlad\u0131: &#8220;Uzun s\u00fcre ila\u00e7 tedavisi fayda sa\u011flayabilir. \u0130la\u00e7 tedavisinin i\u015fe yaramad\u0131\u011f\u0131 durumlarda; radyofrekans ile siniri d\u00fc\u015f\u00fck \u0131s\u0131da yakma, Gama Knife I\u015f\u0131n, gliserol enjeksiyon ve cerrahi tedavi se\u00e7enekleri de bulunmaktad\u0131r. Bu y\u00f6ntemler i\u00e7inde cerrahi tedavi ila\u00e7 tedavisinden sonra en etkin ve en kal\u0131c\u0131 tedavi y\u00f6ntemidir. Ba\u015far\u0131 oran\u0131 y\u00fczde 90\u2019lar\u0131n \u00fczerindedir.&#8221;<br \/><\/p>\n","protected":false},"excerpt":{"rendered":"<p>Sivas\u2019ta ya\u015fayan 28 ya\u015f\u0131ndaki Reyhan Yi\u011fitsoy, 4 y\u0131l \u00f6nce ge\u00e7irdi\u011fi bir rahats\u0131zl\u0131k sonucu trigeminal nevralji tan\u0131s\u0131 ald\u0131. Y\u0131llarca ila\u00e7 ve \u00e7e\u015fitli tedavi y\u00f6ntemleri deneyerek hastal\u0131\u011f\u0131yla m\u00fccadele eden Reyhan Yi\u011fitsoy, Medicana Sa\u011fl\u0131k Grubu Beyin ve Sinir Cerrahisi B\u00f6l\u00fcm\u00fc\u2019nden Prof. Dr. \u00d6zhan Merzuk U\u00e7kun\u2019un yapt\u0131\u011f\u0131 ba\u015far\u0131l\u0131 operasyon sayesinde sa\u011fl\u0131\u011f\u0131na kavu\u015ftu. Reyhan Yi\u011fitsoy, &#8220;\u015eu an \u00e7ok iyiyim korkusuzca&#8230;<\/p>\n","protected":false},"author":1,"featured_media":66082,"comment_status":"open","ping_status":"open","sticky":false,"template":"","format":"standard","meta":{"_crdt_document":"","footnotes":""},"categories":[2],"tags":[],"class_list":["post-66081","post","type-post","status-publish","format-standard","has-post-thumbnail","hentry","category-saglik"],"_links":{"self":[{"href":"https:\/\/www.egemtv.com\/index.php?rest_route=\/wp\/v2\/posts\/66081","targetHints":{"allow":["GET"]}}],"collection":[{"href":"https:\/\/www.egemtv.com\/index.php?rest_route=\/wp\/v2\/posts"}],"about":[{"href":"https:\/\/www.egemtv.com\/index.php?rest_route=\/wp\/v2\/types\/post"}],"author":[{"embeddable":true,"href":"https:\/\/www.egemtv.com\/index.php?rest_route=\/wp\/v2\/users\/1"}],"replies":[{"embeddable":true,"href":"https:\/\/www.egemtv.com\/index.php?rest_route=%2Fwp%2Fv2%2Fcomments&post=66081"}],"version-history":[{"count":1,"href":"https:\/\/www.egemtv.com\/index.php?rest_route=\/wp\/v2\/posts\/66081\/revisions"}],"predecessor-version":[{"id":66083,"href":"https:\/\/www.egemtv.com\/index.php?rest_route=\/wp\/v2\/posts\/66081\/revisions\/66083"}],"wp:featuredmedia":[{"embeddable":true,"href":"https:\/\/www.egemtv.com\/index.php?rest_route=\/wp\/v2\/media\/66082"}],"wp:attachment":[{"href":"https:\/\/www.egemtv.com\/index.php?rest_route=%2Fwp%2Fv2%2Fmedia&parent=66081"}],"wp:term":[{"taxonomy":"category","embeddable":true,"href":"https:\/\/www.egemtv.com\/index.php?rest_route=%2Fwp%2Fv2%2Fcategories&post=66081"},{"taxonomy":"post_tag","embeddable":true,"href":"https:\/\/www.egemtv.com\/index.php?rest_route=%2Fwp%2Fv2%2Ftags&post=66081"}],"curies":[{"name":"wp","href":"https:\/\/api.w.org\/{rel}","templated":true}]}}