{"id":66075,"date":"2025-11-06T09:54:38","date_gmt":"2025-11-06T06:54:38","guid":{"rendered":"https:\/\/www.egemtv.com\/?p=66075"},"modified":"2025-11-06T09:54:39","modified_gmt":"2025-11-06T06:54:39","slug":"bodruma-goturulmek-istenen-gocmenler-aydinda-yakalandi","status":"publish","type":"post","link":"https:\/\/www.egemtv.com\/?p=66075","title":{"rendered":"Bodrum\u2019a g\u00f6t\u00fcr\u00fclmek istenen g\u00f6\u00e7menler Ayd\u0131n\u2019da yakaland\u0131"},"content":{"rendered":"<p>\u0130zmir\u2019den Bodrum\u2019a g\u00f6t\u00fcr\u00fclmek istenen 9 d\u00fczensiz g\u00f6\u00e7men, ekiplerin takibiyle Ayd\u0131n\u2019da yakalan\u0131rken 2 organizat\u00f6r de g\u00f6zalt\u0131na al\u0131nd\u0131.<\/p>\n<p>Ayd\u0131n \u0130l Jandarma Komutanl\u0131\u011f\u0131 G\u00f6\u00e7men Ka\u00e7ak\u00e7\u0131l\u0131\u011f\u0131 ve \u0130nsan Ticareti \u015eube M\u00fcd\u00fcrl\u00fc\u011f\u00fc taraf\u0131ndan y\u00fcr\u00fct\u00fclen &#8220;Takipli GK\u0130T Faaliyeti&#8221; \u00e7er\u00e7evesinde, H\u0131d\u0131rbeyli Otoyol Jandarma Karakol Komutanl\u0131\u011f\u0131 ekipleriyle ortak bir operasyon d\u00fczenlendi. Edinilen bilgiye g\u00f6re \u0130zmir I\u015f\u0131kkent Gi\u015feleri\u2019nden ge\u00e7ti\u011fi belirlenen bir ara\u00e7, d\u00fczensiz g\u00f6\u00e7men ta\u015f\u0131d\u0131\u011f\u0131 \u015f\u00fcphesiyle Ayd\u0131n\u2019\u0131n Germencik il\u00e7esindeki sabit yol kontrol noktas\u0131nda durduruldu. Ara\u00e7ta yap\u0131lan aramada 5 yabanc\u0131 uyruklu d\u00fczensiz g\u00f6\u00e7men yakaland\u0131. Ara\u00e7 s\u00fcr\u00fcc\u00fcs\u00fcn\u00fcn ifadesi do\u011frultusunda yap\u0131lan takipte, \u00d6zyal\u00e7\u0131nlar mevkiinde de ikinci bir ara\u00e7 daha durduruldu. Bu ara\u00e7ta da 4 yabanc\u0131 uyruklu d\u00fczensiz g\u00f6\u00e7men oldu\u011fu tespit edildi. Yap\u0131lan m\u00fclakatlarda, g\u00f6\u00e7menlerin \u0130zmir\u2019de bir otelde organizat\u00f6rler taraf\u0131ndan bar\u0131nd\u0131r\u0131ld\u0131klar\u0131 ve Bodrum istikametine ki\u015fi ba\u015f\u0131 4 bin Euro kar\u015f\u0131l\u0131\u011f\u0131nda g\u00f6nderildikleri \u00f6\u011frenildi. Operasyon kapsam\u0131nda el konulan ara\u00e7 trafikten men edilirken, olayla ilgili 2 organizat\u00f6r g\u00f6zalt\u0131na al\u0131nd\u0131. Cumhuriyet Savc\u0131l\u0131\u011f\u0131 talimat\u0131yla adli i\u015flem ba\u015flat\u0131ld\u0131.<br \/><\/p>\n","protected":false},"excerpt":{"rendered":"<p>\u0130zmir\u2019den Bodrum\u2019a g\u00f6t\u00fcr\u00fclmek istenen 9 d\u00fczensiz g\u00f6\u00e7men, ekiplerin takibiyle Ayd\u0131n\u2019da yakalan\u0131rken 2 organizat\u00f6r de g\u00f6zalt\u0131na al\u0131nd\u0131. Ayd\u0131n \u0130l Jandarma Komutanl\u0131\u011f\u0131 G\u00f6\u00e7men Ka\u00e7ak\u00e7\u0131l\u0131\u011f\u0131 ve \u0130nsan Ticareti \u015eube M\u00fcd\u00fcrl\u00fc\u011f\u00fc taraf\u0131ndan y\u00fcr\u00fct\u00fclen &#8220;Takipli GK\u0130T Faaliyeti&#8221; \u00e7er\u00e7evesinde, H\u0131d\u0131rbeyli Otoyol Jandarma Karakol Komutanl\u0131\u011f\u0131 ekipleriyle ortak bir operasyon d\u00fczenlendi. Edinilen bilgiye g\u00f6re \u0130zmir I\u015f\u0131kkent Gi\u015feleri\u2019nden ge\u00e7ti\u011fi belirlenen bir ara\u00e7, d\u00fczensiz g\u00f6\u00e7men&#8230;<\/p>\n","protected":false},"author":1,"featured_media":66076,"comment_status":"open","ping_status":"open","sticky":false,"template":"","format":"standard","meta":{"_crdt_document":"","footnotes":""},"categories":[5],"tags":[],"class_list":["post-66075","post","type-post","status-publish","format-standard","has-post-thumbnail","hentry","category-asayis"],"_links":{"self":[{"href":"https:\/\/www.egemtv.com\/index.php?rest_route=\/wp\/v2\/posts\/66075","targetHints":{"allow":["GET"]}}],"collection":[{"href":"https:\/\/www.egemtv.com\/index.php?rest_route=\/wp\/v2\/posts"}],"about":[{"href":"https:\/\/www.egemtv.com\/index.php?rest_route=\/wp\/v2\/types\/post"}],"author":[{"embeddable":true,"href":"https:\/\/www.egemtv.com\/index.php?rest_route=\/wp\/v2\/users\/1"}],"replies":[{"embeddable":true,"href":"https:\/\/www.egemtv.com\/index.php?rest_route=%2Fwp%2Fv2%2Fcomments&post=66075"}],"version-history":[{"count":1,"href":"https:\/\/www.egemtv.com\/index.php?rest_route=\/wp\/v2\/posts\/66075\/revisions"}],"predecessor-version":[{"id":66077,"href":"https:\/\/www.egemtv.com\/index.php?rest_route=\/wp\/v2\/posts\/66075\/revisions\/66077"}],"wp:featuredmedia":[{"embeddable":true,"href":"https:\/\/www.egemtv.com\/index.php?rest_route=\/wp\/v2\/media\/66076"}],"wp:attachment":[{"href":"https:\/\/www.egemtv.com\/index.php?rest_route=%2Fwp%2Fv2%2Fmedia&parent=66075"}],"wp:term":[{"taxonomy":"category","embeddable":true,"href":"https:\/\/www.egemtv.com\/index.php?rest_route=%2Fwp%2Fv2%2Fcategories&post=66075"},{"taxonomy":"post_tag","embeddable":true,"href":"https:\/\/www.egemtv.com\/index.php?rest_route=%2Fwp%2Fv2%2Ftags&post=66075"}],"curies":[{"name":"wp","href":"https:\/\/api.w.org\/{rel}","templated":true}]}}