{"id":66072,"date":"2025-11-06T09:35:05","date_gmt":"2025-11-06T06:35:05","guid":{"rendered":"https:\/\/www.egemtv.com\/?p=66072"},"modified":"2025-11-06T09:35:08","modified_gmt":"2025-11-06T06:35:08","slug":"aydinda-5-aranan-sahis-yakalandi","status":"publish","type":"post","link":"https:\/\/www.egemtv.com\/?p=66072","title":{"rendered":"Ayd\u0131n\u2019da 5 aranan \u015fah\u0131s yakaland\u0131"},"content":{"rendered":"<p>Ayd\u0131n\u2019da il genelinde aranan \u015fah\u0131slara y\u00f6nelik yap\u0131lan operasyonlarda haklar\u0131nda kesinle\u015fmi\u015f hapis cezas\u0131 bulunan 5 \u015fah\u0131s yakaland\u0131.<\/p>\n<p>Ayd\u0131n \u0130l Jandarma Komutanl\u0131\u011f\u0131nca, il genelinde aranan \u015fah\u0131slar\u0131n yakalanmas\u0131na y\u00f6nelik \u00e7al\u0131\u015fmalar s\u00fcr\u00fcyor. Yap\u0131lan \u00e7al\u0131\u015fmalar neticesinde Uyu\u015fturucu veya Uyar\u0131c\u0131 Madde Ticareti Yapma ve Sa\u011flama, Kamu Mal\u0131na Zarar Verme su\u00e7lar\u0131ndan (11 y\u0131l 8 ay), 2313 Say\u0131l\u0131 Kanuna Ayk\u0131r\u0131l\u0131k su\u00e7undan (4 y\u0131l 8 ay 7 g\u00fcn), Su\u00e7 \u0130\u015flemek Amac\u0131yla \u00d6rg\u00fct Kurmak, Y\u00f6netmek ve \u00dcye Olmak, Nitelikli Doland\u0131r\u0131c\u0131l\u0131k, Vergi Usul Kanununa Muhalefet, Resm\u00ee Belgede Sahtecilik su\u00e7lar\u0131ndan toplam (10 y\u0131l 11 ay 15 g\u00fcn), Bina \u0130\u00e7inde Muhafaza Alt\u0131na Al\u0131nm\u0131\u015f E\u015fya Hakk\u0131nda H\u0131rs\u0131zl\u0131k ve Konut Dokunulmazl\u0131\u011f\u0131n\u0131 \u0130hlal Etme su\u00e7lar\u0131ndan (5 y\u0131l), Kad\u0131na Kar\u015f\u0131 Basit Yaralama su\u00e7undan (5 ay 18 g\u00fcn) kesinle\u015fmi\u015f hapis cezas\u0131 bulunan 5 \u015fah\u0131s JASAT ekiplerince ger\u00e7ekle\u015ftirilen fiziki takip ve titiz \u00e7al\u0131\u015fmalar sonucu yakaland\u0131. Yakalanan t\u00fcm \u015fah\u0131slar, adli i\u015flemlerinin tamamlanmas\u0131n\u0131n ard\u0131ndan Ceza \u0130nfaz Kurumlar\u0131na teslim edildi.<br \/><\/p>\n","protected":false},"excerpt":{"rendered":"<p>Ayd\u0131n\u2019da il genelinde aranan \u015fah\u0131slara y\u00f6nelik yap\u0131lan operasyonlarda haklar\u0131nda kesinle\u015fmi\u015f hapis cezas\u0131 bulunan 5 \u015fah\u0131s yakaland\u0131. Ayd\u0131n \u0130l Jandarma Komutanl\u0131\u011f\u0131nca, il genelinde aranan \u015fah\u0131slar\u0131n yakalanmas\u0131na y\u00f6nelik \u00e7al\u0131\u015fmalar s\u00fcr\u00fcyor. Yap\u0131lan \u00e7al\u0131\u015fmalar neticesinde Uyu\u015fturucu veya Uyar\u0131c\u0131 Madde Ticareti Yapma ve Sa\u011flama, Kamu Mal\u0131na Zarar Verme su\u00e7lar\u0131ndan (11 y\u0131l 8 ay), 2313 Say\u0131l\u0131 Kanuna Ayk\u0131r\u0131l\u0131k su\u00e7undan (4 y\u0131l&#8230;<\/p>\n","protected":false},"author":1,"featured_media":66073,"comment_status":"open","ping_status":"open","sticky":false,"template":"","format":"standard","meta":{"_crdt_document":"","footnotes":""},"categories":[5],"tags":[],"class_list":["post-66072","post","type-post","status-publish","format-standard","has-post-thumbnail","hentry","category-asayis"],"_links":{"self":[{"href":"https:\/\/www.egemtv.com\/index.php?rest_route=\/wp\/v2\/posts\/66072","targetHints":{"allow":["GET"]}}],"collection":[{"href":"https:\/\/www.egemtv.com\/index.php?rest_route=\/wp\/v2\/posts"}],"about":[{"href":"https:\/\/www.egemtv.com\/index.php?rest_route=\/wp\/v2\/types\/post"}],"author":[{"embeddable":true,"href":"https:\/\/www.egemtv.com\/index.php?rest_route=\/wp\/v2\/users\/1"}],"replies":[{"embeddable":true,"href":"https:\/\/www.egemtv.com\/index.php?rest_route=%2Fwp%2Fv2%2Fcomments&post=66072"}],"version-history":[{"count":1,"href":"https:\/\/www.egemtv.com\/index.php?rest_route=\/wp\/v2\/posts\/66072\/revisions"}],"predecessor-version":[{"id":66074,"href":"https:\/\/www.egemtv.com\/index.php?rest_route=\/wp\/v2\/posts\/66072\/revisions\/66074"}],"wp:featuredmedia":[{"embeddable":true,"href":"https:\/\/www.egemtv.com\/index.php?rest_route=\/wp\/v2\/media\/66073"}],"wp:attachment":[{"href":"https:\/\/www.egemtv.com\/index.php?rest_route=%2Fwp%2Fv2%2Fmedia&parent=66072"}],"wp:term":[{"taxonomy":"category","embeddable":true,"href":"https:\/\/www.egemtv.com\/index.php?rest_route=%2Fwp%2Fv2%2Fcategories&post=66072"},{"taxonomy":"post_tag","embeddable":true,"href":"https:\/\/www.egemtv.com\/index.php?rest_route=%2Fwp%2Fv2%2Ftags&post=66072"}],"curies":[{"name":"wp","href":"https:\/\/api.w.org\/{rel}","templated":true}]}}