{"id":66069,"date":"2025-11-06T09:34:58","date_gmt":"2025-11-06T06:34:58","guid":{"rendered":"https:\/\/www.egemtv.com\/?p=66069"},"modified":"2025-11-06T09:35:00","modified_gmt":"2025-11-06T06:35:00","slug":"hayvan-hastaliklari-ile-mucadelede-yol-kontrolleri-devam-ediyor","status":"publish","type":"post","link":"https:\/\/www.egemtv.com\/?p=66069","title":{"rendered":"Hayvan hastal\u0131klar\u0131 ile m\u00fccadelede yol kontrolleri devam ediyor"},"content":{"rendered":"<p>Ayd\u0131n\u2019da hayvan hastal\u0131klar\u0131 ile m\u00fccadele ve hayvan hareketlerinin kontrol\u00fc kapsam\u0131nda yol kontrolleri devam ediyor.<br \/>\n<br \/>Ayd\u0131n \u0130l Tar\u0131m ve Orman M\u00fcd\u00fcrl\u00fc\u011f\u00fc taraf\u0131ndan yap\u0131lan a\u00e7\u0131klamada, &#8220;\u0130limizde hayvan hastal\u0131klar\u0131yla m\u00fccadele ve hayvan hareketlerinin kontrol\u00fc kapsam\u0131nda, \u0130l\u00e7e Tar\u0131m ve Orman M\u00fcd\u00fcrl\u00fcklerimizde g\u00f6revli personellerimiz taraf\u0131ndan kolluk kuvvetleriyle koordineli olarak yol kontrolleri ger\u00e7ekle\u015ftirilmektedir. Yeti\u015ftiricilerimizin yol kontrolleri s\u0131ras\u0131nda cezai yapt\u0131r\u0131mlarla kar\u015f\u0131la\u015fmamalar\u0131 ad\u0131na dikkat etmeleri gereken hususlar \u015funlard\u0131r. \u015eap Hastal\u0131\u011f\u0131 ba\u015fta olmak \u00fczere bula\u015f\u0131c\u0131 hastal\u0131klar nedeniyle karantina uygulamas\u0131 bulunan b\u00f6lgelerde, transit ge\u00e7i\u015fler d\u0131\u015f\u0131nda hayvan hareketleri yasakt\u0131r. Koruma ve G\u00f6zetim B\u00f6lgeleri i\u00e7erisinde bulunan i\u015fletmelerdeki hayvanlar\u0131n normal veya acil kesimi gerekti\u011fi durumlarda, ba\u011fl\u0131 bulunduklar\u0131 \u0130l\u00e7e Tar\u0131m ve Orman M\u00fcd\u00fcrl\u00fc\u011f\u00fc Veteriner Hekimlerinden al\u0131nacak izinle, hayvanlar\u0131n il s\u0131n\u0131rlar\u0131 i\u00e7inde en yak\u0131n kesimhaneye sevkine izin verilmektedir. Nakliye s\u0131ras\u0131nda t\u00fcm hayvanlar\u0131n kulak k\u00fcpelerinin tak\u0131l\u0131 olmas\u0131 ve pasaportlar\u0131n\u0131n yanlar\u0131nda bulundurulmas\u0131 zorunludur. Yeti\u015ftiricilerimizin ma\u011fduriyet ya\u015famamalar\u0131 i\u00e7in yukar\u0131da belirtilen hususlara azami \u00f6zen g\u00f6stermeleri \u00f6nemle rica olunur&#8221; denildi.<br \/><\/p>\n","protected":false},"excerpt":{"rendered":"<p>Ayd\u0131n\u2019da hayvan hastal\u0131klar\u0131 ile m\u00fccadele ve hayvan hareketlerinin kontrol\u00fc kapsam\u0131nda yol kontrolleri devam ediyor. Ayd\u0131n \u0130l Tar\u0131m ve Orman M\u00fcd\u00fcrl\u00fc\u011f\u00fc taraf\u0131ndan yap\u0131lan a\u00e7\u0131klamada, &#8220;\u0130limizde hayvan hastal\u0131klar\u0131yla m\u00fccadele ve hayvan hareketlerinin kontrol\u00fc kapsam\u0131nda, \u0130l\u00e7e Tar\u0131m ve Orman M\u00fcd\u00fcrl\u00fcklerimizde g\u00f6revli personellerimiz taraf\u0131ndan kolluk kuvvetleriyle koordineli olarak yol kontrolleri ger\u00e7ekle\u015ftirilmektedir. Yeti\u015ftiricilerimizin yol kontrolleri s\u0131ras\u0131nda cezai yapt\u0131r\u0131mlarla kar\u015f\u0131la\u015fmamalar\u0131 ad\u0131na&#8230;<\/p>\n","protected":false},"author":1,"featured_media":66070,"comment_status":"open","ping_status":"open","sticky":false,"template":"","format":"standard","meta":{"_crdt_document":"","footnotes":""},"categories":[1],"tags":[],"class_list":["post-66069","post","type-post","status-publish","format-standard","has-post-thumbnail","hentry","category-guncel"],"_links":{"self":[{"href":"https:\/\/www.egemtv.com\/index.php?rest_route=\/wp\/v2\/posts\/66069","targetHints":{"allow":["GET"]}}],"collection":[{"href":"https:\/\/www.egemtv.com\/index.php?rest_route=\/wp\/v2\/posts"}],"about":[{"href":"https:\/\/www.egemtv.com\/index.php?rest_route=\/wp\/v2\/types\/post"}],"author":[{"embeddable":true,"href":"https:\/\/www.egemtv.com\/index.php?rest_route=\/wp\/v2\/users\/1"}],"replies":[{"embeddable":true,"href":"https:\/\/www.egemtv.com\/index.php?rest_route=%2Fwp%2Fv2%2Fcomments&post=66069"}],"version-history":[{"count":1,"href":"https:\/\/www.egemtv.com\/index.php?rest_route=\/wp\/v2\/posts\/66069\/revisions"}],"predecessor-version":[{"id":66071,"href":"https:\/\/www.egemtv.com\/index.php?rest_route=\/wp\/v2\/posts\/66069\/revisions\/66071"}],"wp:featuredmedia":[{"embeddable":true,"href":"https:\/\/www.egemtv.com\/index.php?rest_route=\/wp\/v2\/media\/66070"}],"wp:attachment":[{"href":"https:\/\/www.egemtv.com\/index.php?rest_route=%2Fwp%2Fv2%2Fmedia&parent=66069"}],"wp:term":[{"taxonomy":"category","embeddable":true,"href":"https:\/\/www.egemtv.com\/index.php?rest_route=%2Fwp%2Fv2%2Fcategories&post=66069"},{"taxonomy":"post_tag","embeddable":true,"href":"https:\/\/www.egemtv.com\/index.php?rest_route=%2Fwp%2Fv2%2Ftags&post=66069"}],"curies":[{"name":"wp","href":"https:\/\/api.w.org\/{rel}","templated":true}]}}