{"id":66066,"date":"2025-11-06T09:14:59","date_gmt":"2025-11-06T06:14:59","guid":{"rendered":"https:\/\/www.egemtv.com\/?p=66066"},"modified":"2025-11-06T09:14:59","modified_gmt":"2025-11-06T06:14:59","slug":"vali-isin-vatandaslarimizin-guvenligi-icin-gece-gunduz-demeden-calismayi-surdurecegiz","status":"publish","type":"post","link":"https:\/\/www.egemtv.com\/?p=66066","title":{"rendered":"Vali I\u015f\u0131n: &#8220;Vatanda\u015flar\u0131m\u0131z\u0131n g\u00fcvenli\u011fi i\u00e7in gece g\u00fcnd\u00fcz demeden \u00e7al\u0131\u015fmay\u0131 s\u00fcrd\u00fcrece\u011fiz&#8221;"},"content":{"rendered":"<p>K\u00fctahya\u2019da il g\u00fcvenlik ve asayi\u015f toplant\u0131s\u0131 Vali Musa I\u015f\u0131n\u2019\u0131n ba\u015fkanl\u0131\u011f\u0131nda ger\u00e7ekle\u015ftirildi.<br \/>\n<br \/>\u0130l Protokol\u00fc ile g\u00fcvenlik komisyonu \u00fcyeleri kat\u0131ld\u0131\u011f\u0131 toplant\u0131da, il genelinde y\u00fcr\u00fct\u00fclen uyu\u015fturucu ve ka\u00e7ak\u00e7\u0131l\u0131kla m\u00fccadele \u00e7al\u0131\u015fmalar\u0131, genel asayi\u015f durumu ile trafik g\u00fcvenli\u011fi konular\u0131 kapsaml\u0131 \u015fekilde ele al\u0131nd\u0131. Bu alanlardaki mevcut durum de\u011ferlendirilerek, al\u0131nmas\u0131 gereken ilave \u00f6nlemler g\u00f6r\u00fc\u015f\u00fcld\u00fc.<br \/>\n<br \/>Toplant\u0131n\u0131n ard\u0131ndan bir a\u00e7\u0131klama yapan Vali Musa I\u015f\u0131n, vatanda\u015flar\u0131n huzur ve g\u00fcvenli\u011fi i\u00e7in kararl\u0131l\u0131kla \u00e7al\u0131\u015fmaya devam ettiklerini belirterek, &#8220;Emniyet ve jandarma te\u015fkilatlar\u0131m\u0131za \u00f6zverili \u00e7al\u0131\u015fmalar\u0131ndan dolay\u0131 te\u015fekk\u00fcr ediyorum. Vatanda\u015flar\u0131m\u0131z\u0131n g\u00fcvenli\u011fi i\u00e7in gece g\u00fcnd\u00fcz demeden \u00e7al\u0131\u015fmay\u0131 s\u00fcrd\u00fcrece\u011fiz&#8221; ifadelerini kulland\u0131.<br \/><\/p>\n","protected":false},"excerpt":{"rendered":"<p>K\u00fctahya\u2019da il g\u00fcvenlik ve asayi\u015f toplant\u0131s\u0131 Vali Musa I\u015f\u0131n\u2019\u0131n ba\u015fkanl\u0131\u011f\u0131nda ger\u00e7ekle\u015ftirildi. \u0130l Protokol\u00fc ile g\u00fcvenlik komisyonu \u00fcyeleri kat\u0131ld\u0131\u011f\u0131 toplant\u0131da, il genelinde y\u00fcr\u00fct\u00fclen uyu\u015fturucu ve ka\u00e7ak\u00e7\u0131l\u0131kla m\u00fccadele \u00e7al\u0131\u015fmalar\u0131, genel asayi\u015f durumu ile trafik g\u00fcvenli\u011fi konular\u0131 kapsaml\u0131 \u015fekilde ele al\u0131nd\u0131. Bu alanlardaki mevcut durum de\u011ferlendirilerek, al\u0131nmas\u0131 gereken ilave \u00f6nlemler g\u00f6r\u00fc\u015f\u00fcld\u00fc. Toplant\u0131n\u0131n ard\u0131ndan bir a\u00e7\u0131klama yapan Vali Musa&#8230;<\/p>\n","protected":false},"author":1,"featured_media":66067,"comment_status":"open","ping_status":"open","sticky":false,"template":"","format":"standard","meta":{"_crdt_document":"","footnotes":""},"categories":[123],"tags":[],"class_list":["post-66066","post","type-post","status-publish","format-standard","has-post-thumbnail","hentry","category-gundem"],"_links":{"self":[{"href":"https:\/\/www.egemtv.com\/index.php?rest_route=\/wp\/v2\/posts\/66066","targetHints":{"allow":["GET"]}}],"collection":[{"href":"https:\/\/www.egemtv.com\/index.php?rest_route=\/wp\/v2\/posts"}],"about":[{"href":"https:\/\/www.egemtv.com\/index.php?rest_route=\/wp\/v2\/types\/post"}],"author":[{"embeddable":true,"href":"https:\/\/www.egemtv.com\/index.php?rest_route=\/wp\/v2\/users\/1"}],"replies":[{"embeddable":true,"href":"https:\/\/www.egemtv.com\/index.php?rest_route=%2Fwp%2Fv2%2Fcomments&post=66066"}],"version-history":[{"count":1,"href":"https:\/\/www.egemtv.com\/index.php?rest_route=\/wp\/v2\/posts\/66066\/revisions"}],"predecessor-version":[{"id":66068,"href":"https:\/\/www.egemtv.com\/index.php?rest_route=\/wp\/v2\/posts\/66066\/revisions\/66068"}],"wp:featuredmedia":[{"embeddable":true,"href":"https:\/\/www.egemtv.com\/index.php?rest_route=\/wp\/v2\/media\/66067"}],"wp:attachment":[{"href":"https:\/\/www.egemtv.com\/index.php?rest_route=%2Fwp%2Fv2%2Fmedia&parent=66066"}],"wp:term":[{"taxonomy":"category","embeddable":true,"href":"https:\/\/www.egemtv.com\/index.php?rest_route=%2Fwp%2Fv2%2Fcategories&post=66066"},{"taxonomy":"post_tag","embeddable":true,"href":"https:\/\/www.egemtv.com\/index.php?rest_route=%2Fwp%2Fv2%2Ftags&post=66066"}],"curies":[{"name":"wp","href":"https:\/\/api.w.org\/{rel}","templated":true}]}}