{"id":66063,"date":"2025-11-06T09:14:57","date_gmt":"2025-11-06T06:14:57","guid":{"rendered":"https:\/\/www.egemtv.com\/?p=66063"},"modified":"2025-11-06T09:14:58","modified_gmt":"2025-11-06T06:14:58","slug":"il-milli-egitim-muduru-yilmaz-gazzede-yasanan-insanlik-dramina-kayitsiz-kalmamiz-mumkun-degil","status":"publish","type":"post","link":"https:\/\/www.egemtv.com\/?p=66063","title":{"rendered":"\u0130l Milli E\u011fitim M\u00fcd\u00fcr\u00fc Y\u0131lmaz: &#8220;Gazze\u2019de ya\u015fanan insanl\u0131k dram\u0131na kay\u0131ts\u0131z kalmam\u0131z m\u00fcmk\u00fcn de\u011fil&#8221;"},"content":{"rendered":"<p>K\u00fctahya Hayme Ana K\u0131z Mesleki ve Teknik Anadolu Lisesinde Gazze\u2019ye destek amac\u0131yla d\u00fczenlenen hay\u0131r \u00e7ar\u015f\u0131s\u0131 program\u0131na kat\u0131lan \u0130l Milli E\u011fitim M\u00fcd\u00fcr\u00fc Mustafa Y\u0131lmaz, Gazze\u2019de ya\u015fanan insanl\u0131k dram\u0131na kay\u0131ts\u0131z kalmalar\u0131n\u0131n m\u00fcmk\u00fcn olmad\u0131\u011f\u0131n\u0131 ifade etti.<br \/>\n<br \/>Hayme Ana K\u0131z Mesleki ve Teknik Anadolu Lisesi taraf\u0131ndan Gazze\u2019ye destek amac\u0131yla d\u00fczenlenen hay\u0131r \u00e7ar\u015f\u0131s\u0131 program\u0131na kat\u0131lan \u0130l Milli E\u011fitim M\u00fcd\u00fcr\u00fc Mustafa Y\u0131lmaz\u2019a, Mesleki ve Teknik E\u011fitim Hizmetleri \u015eube M\u00fcd\u00fcr\u00fc Ali Sezer e\u015flik etti. Program kapsam\u0131nda \u00f6\u011frenciler, kendi alanlar\u0131yla ilgili \u00fcr\u00fcnleri sergileyerek b\u00fcy\u00fck bir duyarl\u0131l\u0131k \u00f6rne\u011fi g\u00f6sterdi. \u00c7ocuk Geli\u015fimi ve E\u011fitimi, G\u0131da Teknolojisi, Yiyecek ve \u0130\u00e7ecek Hizmetleri, G\u00fczellik Hizmetleri ve Moda Tasar\u0131m Teknolojileri alanlar\u0131nda e\u011fitim g\u00f6ren \u00f6\u011frenciler, kendi el emekleriyle haz\u0131rlad\u0131klar\u0131 \u00fcr\u00fcnleri hay\u0131r \u00e7ar\u015f\u0131s\u0131nda sat\u0131\u015fa sundu. Elde edilen gelir, Gazze\u2019deki ihtiya\u00e7 sahiplerine ula\u015ft\u0131r\u0131lmak \u00fczere ba\u011f\u0131\u015flanacak.<br \/>\n<br \/>Etkinlikte bir konu\u015fma yapan \u0130l Milli E\u011fitim M\u00fcd\u00fcr\u00fc Mustafa Y\u0131lmaz, \u00f6\u011frencilerin yaln\u0131zca akademik ba\u015far\u0131lar\u0131yla de\u011fil, sosyal sorumluluk bilinciyle de geli\u015fim g\u00f6stermelerinin \u00f6nemine vurgu yapt\u0131.<br \/>\n<br \/>Kendilerinin \u00e7ocuklar\u0131n sadece akademik geli\u015fimleriyle ilgilenmediklerine dikkat \u00e7eken M\u00fcd\u00fcr Y\u0131lmaz, &#8221; Ayn\u0131 zamanda onlar\u0131n sosyal sorumluluk bilinci kazanmalar\u0131, topluma duyarl\u0131 bireyler olmalar\u0131 bizim i\u00e7in \u00e7ok \u00f6nemli. D\u00fcnyan\u0131n en \u00f6nemli g\u00fcndemlerinden biri olan Gazze\u2019de ya\u015fanan insanl\u0131k dram\u0131na kay\u0131ts\u0131z kalmam\u0131z m\u00fcmk\u00fcn de\u011fil. \u00c7ocuklar\u0131m\u0131z\u0131n da bu bilinci kazanmas\u0131 i\u00e7in elimizden geleni yapmaya devam edece\u011fiz&#8221; dedi.<br \/>\n<br \/>Gediz il\u00e7esinde ge\u00e7ti\u011fimiz g\u00fcnlerde d\u00fczenlenen benzer bir etkinli\u011fin b\u00fcy\u00fck ilgi g\u00f6rd\u00fc\u011f\u00fcn\u00fc hat\u0131rlatan Y\u0131lmaz, &#8220;Bug\u00fcn de il merkezimizdeki okullar\u0131m\u0131z bu t\u00fcr \u00e7al\u0131\u015fmalara devam ediyor. Bu duyarl\u0131l\u0131\u011f\u0131 art\u0131rmak ve \u00f6\u011frencilerimizin g\u00f6n\u00fcl d\u00fcnyas\u0131na katk\u0131 sa\u011flamak i\u00e7in faaliyetlerimizi s\u00fcrd\u00fcrece\u011fiz&#8221; diye konu\u015ftu.<br \/>\n<br \/>Hayme Ana K\u0131z Mesleki ve Teknik Anadolu Lisesi bah\u00e7esinde d\u00fczenlenen hay\u0131r \u00e7ar\u015f\u0131s\u0131 etkinli\u011fine \u00f6\u011fretmenler, \u00f6\u011frenciler ve veliler yo\u011fun ilgi g\u00f6sterdi.<br \/><\/p>\n","protected":false},"excerpt":{"rendered":"<p>K\u00fctahya Hayme Ana K\u0131z Mesleki ve Teknik Anadolu Lisesinde Gazze\u2019ye destek amac\u0131yla d\u00fczenlenen hay\u0131r \u00e7ar\u015f\u0131s\u0131 program\u0131na kat\u0131lan \u0130l Milli E\u011fitim M\u00fcd\u00fcr\u00fc Mustafa Y\u0131lmaz, Gazze\u2019de ya\u015fanan insanl\u0131k dram\u0131na kay\u0131ts\u0131z kalmalar\u0131n\u0131n m\u00fcmk\u00fcn olmad\u0131\u011f\u0131n\u0131 ifade etti. Hayme Ana K\u0131z Mesleki ve Teknik Anadolu Lisesi taraf\u0131ndan Gazze\u2019ye destek amac\u0131yla d\u00fczenlenen hay\u0131r \u00e7ar\u015f\u0131s\u0131 program\u0131na kat\u0131lan \u0130l Milli E\u011fitim M\u00fcd\u00fcr\u00fc Mustafa&#8230;<\/p>\n","protected":false},"author":1,"featured_media":66064,"comment_status":"open","ping_status":"open","sticky":false,"template":"","format":"standard","meta":{"_crdt_document":"","footnotes":""},"categories":[1],"tags":[],"class_list":["post-66063","post","type-post","status-publish","format-standard","has-post-thumbnail","hentry","category-guncel"],"_links":{"self":[{"href":"https:\/\/www.egemtv.com\/index.php?rest_route=\/wp\/v2\/posts\/66063","targetHints":{"allow":["GET"]}}],"collection":[{"href":"https:\/\/www.egemtv.com\/index.php?rest_route=\/wp\/v2\/posts"}],"about":[{"href":"https:\/\/www.egemtv.com\/index.php?rest_route=\/wp\/v2\/types\/post"}],"author":[{"embeddable":true,"href":"https:\/\/www.egemtv.com\/index.php?rest_route=\/wp\/v2\/users\/1"}],"replies":[{"embeddable":true,"href":"https:\/\/www.egemtv.com\/index.php?rest_route=%2Fwp%2Fv2%2Fcomments&post=66063"}],"version-history":[{"count":1,"href":"https:\/\/www.egemtv.com\/index.php?rest_route=\/wp\/v2\/posts\/66063\/revisions"}],"predecessor-version":[{"id":66065,"href":"https:\/\/www.egemtv.com\/index.php?rest_route=\/wp\/v2\/posts\/66063\/revisions\/66065"}],"wp:featuredmedia":[{"embeddable":true,"href":"https:\/\/www.egemtv.com\/index.php?rest_route=\/wp\/v2\/media\/66064"}],"wp:attachment":[{"href":"https:\/\/www.egemtv.com\/index.php?rest_route=%2Fwp%2Fv2%2Fmedia&parent=66063"}],"wp:term":[{"taxonomy":"category","embeddable":true,"href":"https:\/\/www.egemtv.com\/index.php?rest_route=%2Fwp%2Fv2%2Fcategories&post=66063"},{"taxonomy":"post_tag","embeddable":true,"href":"https:\/\/www.egemtv.com\/index.php?rest_route=%2Fwp%2Fv2%2Ftags&post=66063"}],"curies":[{"name":"wp","href":"https:\/\/api.w.org\/{rel}","templated":true}]}}