{"id":66057,"date":"2025-11-06T09:14:53","date_gmt":"2025-11-06T06:14:53","guid":{"rendered":"https:\/\/www.egemtv.com\/?p=66057"},"modified":"2025-11-06T09:14:54","modified_gmt":"2025-11-06T06:14:54","slug":"beyagac-carsi-cami-insaati-sona-yaklasti","status":"publish","type":"post","link":"https:\/\/www.egemtv.com\/?p=66057","title":{"rendered":"Beya\u011fa\u00e7 \u00c7ar\u015f\u0131 Cami in\u015faat\u0131 sona yakla\u015ft\u0131"},"content":{"rendered":"<p>Beya\u011fa\u00e7 Belediyesi \u00f6nc\u00fcl\u00fc\u011f\u00fcnde yap\u0131m\u0131na ba\u015flanan Beya\u011fa\u00e7 \u00c7ar\u015f\u0131 Cami in\u015faat\u0131nda sona yakla\u015f\u0131ld\u0131. Son a\u015famada i\u00e7 mimarisi ve peyzaj d\u00fczenlemesi \u00e7al\u0131\u015fmalar\u0131 yap\u0131lan camiinin a\u00e7\u0131l\u0131\u015f\u0131na say\u0131l\u0131 g\u00fcnler kald\u0131.<\/p>\n<p>Beya\u011fa\u00e7 Belediye Ba\u015fkan\u0131 Sezayi P\u00fct\u00fcn \u00f6nc\u00fcl\u00fc\u011f\u00fcnde yap\u0131m\u0131na ba\u015flanan Beya\u011fa\u00e7 \u00c7ar\u015f\u0131 Cami in\u015faat\u0131n\u0131n tamamlanmas\u0131na say\u0131l\u0131 g\u00fcnler kald\u0131. Beya\u011fa\u00e7 il\u00e7esinin en b\u00fcy\u00fck camisi \u00f6zeli\u011fine sahip Beya\u011fa\u00e7 \u00c7ar\u015f\u0131 Camisinde 800 ki\u015fi ayn\u0131 anda ibadet edebilecek. Caminin yap\u0131s\u0131, Osmanl\u0131 Mimarisinden izler ta\u015f\u0131mas\u0131yla dikkat \u00e7ekiyor. H\u0131zla yap\u0131m\u0131 tamamlanan caminin i\u00e7 mimarisi ve peyzaj d\u00fczenleme \u00e7al\u0131\u015fmalar\u0131 yap\u0131l\u0131yor.<br \/>\n<br \/>A\u00e7\u0131l\u0131\u015f\u0131na say\u0131l\u0131 g\u00fcnler kalan Beya\u011fa\u00e7 \u00c7ar\u015f\u0131 Camisi \u00e7al\u0131\u015fmalar\u0131n\u0131 yerinde inceleyen Beya\u011fa\u00e7 Belediye Ba\u015fkan\u0131 Sezayi P\u00fct\u00fcn, &#8220;Beya\u011fa\u00e7 \u00c7ar\u015f\u0131 Camimizin in\u015faat\u0131nda sona yakla\u015f\u0131yoruz. Bu s\u00fcre\u00e7te bizlere ilk g\u00fcnden beri destek veren, ba\u015fta Denizli B\u00fcy\u00fck\u015fehir Belediye Ba\u015fkan\u0131 B\u00fclent Nuri \u00c7avu\u015fo\u011flu\u2019na ve bizleri bu zorlu s\u00fcre\u00e7te yaln\u0131z b\u0131rakmayan maddi ve manevi desteklerini eksik etmeyen t\u00fcm hay\u0131rseverlerimize te\u015fekk\u00fcr ederim&#8221; ifadelerini kulland\u0131.<br \/><\/p>\n","protected":false},"excerpt":{"rendered":"<p>Beya\u011fa\u00e7 Belediyesi \u00f6nc\u00fcl\u00fc\u011f\u00fcnde yap\u0131m\u0131na ba\u015flanan Beya\u011fa\u00e7 \u00c7ar\u015f\u0131 Cami in\u015faat\u0131nda sona yakla\u015f\u0131ld\u0131. Son a\u015famada i\u00e7 mimarisi ve peyzaj d\u00fczenlemesi \u00e7al\u0131\u015fmalar\u0131 yap\u0131lan camiinin a\u00e7\u0131l\u0131\u015f\u0131na say\u0131l\u0131 g\u00fcnler kald\u0131. Beya\u011fa\u00e7 Belediye Ba\u015fkan\u0131 Sezayi P\u00fct\u00fcn \u00f6nc\u00fcl\u00fc\u011f\u00fcnde yap\u0131m\u0131na ba\u015flanan Beya\u011fa\u00e7 \u00c7ar\u015f\u0131 Cami in\u015faat\u0131n\u0131n tamamlanmas\u0131na say\u0131l\u0131 g\u00fcnler kald\u0131. Beya\u011fa\u00e7 il\u00e7esinin en b\u00fcy\u00fck camisi \u00f6zeli\u011fine sahip Beya\u011fa\u00e7 \u00c7ar\u015f\u0131 Camisinde 800 ki\u015fi ayn\u0131 anda&#8230;<\/p>\n","protected":false},"author":1,"featured_media":66058,"comment_status":"open","ping_status":"open","sticky":false,"template":"","format":"standard","meta":{"_crdt_document":"","footnotes":""},"categories":[127],"tags":[],"class_list":["post-66057","post","type-post","status-publish","format-standard","has-post-thumbnail","hentry","category-siyaset"],"_links":{"self":[{"href":"https:\/\/www.egemtv.com\/index.php?rest_route=\/wp\/v2\/posts\/66057","targetHints":{"allow":["GET"]}}],"collection":[{"href":"https:\/\/www.egemtv.com\/index.php?rest_route=\/wp\/v2\/posts"}],"about":[{"href":"https:\/\/www.egemtv.com\/index.php?rest_route=\/wp\/v2\/types\/post"}],"author":[{"embeddable":true,"href":"https:\/\/www.egemtv.com\/index.php?rest_route=\/wp\/v2\/users\/1"}],"replies":[{"embeddable":true,"href":"https:\/\/www.egemtv.com\/index.php?rest_route=%2Fwp%2Fv2%2Fcomments&post=66057"}],"version-history":[{"count":1,"href":"https:\/\/www.egemtv.com\/index.php?rest_route=\/wp\/v2\/posts\/66057\/revisions"}],"predecessor-version":[{"id":66059,"href":"https:\/\/www.egemtv.com\/index.php?rest_route=\/wp\/v2\/posts\/66057\/revisions\/66059"}],"wp:featuredmedia":[{"embeddable":true,"href":"https:\/\/www.egemtv.com\/index.php?rest_route=\/wp\/v2\/media\/66058"}],"wp:attachment":[{"href":"https:\/\/www.egemtv.com\/index.php?rest_route=%2Fwp%2Fv2%2Fmedia&parent=66057"}],"wp:term":[{"taxonomy":"category","embeddable":true,"href":"https:\/\/www.egemtv.com\/index.php?rest_route=%2Fwp%2Fv2%2Fcategories&post=66057"},{"taxonomy":"post_tag","embeddable":true,"href":"https:\/\/www.egemtv.com\/index.php?rest_route=%2Fwp%2Fv2%2Ftags&post=66057"}],"curies":[{"name":"wp","href":"https:\/\/api.w.org\/{rel}","templated":true}]}}