{"id":66054,"date":"2025-11-06T09:14:51","date_gmt":"2025-11-06T06:14:51","guid":{"rendered":"https:\/\/www.egemtv.com\/?p=66054"},"modified":"2025-11-06T09:14:52","modified_gmt":"2025-11-06T06:14:52","slug":"vicdanin-kiyisinda-gazze-etkinligi-adude-duzenlendi","status":"publish","type":"post","link":"https:\/\/www.egemtv.com\/?p=66054","title":{"rendered":"&#8220;Vicdan\u0131n K\u0131y\u0131s\u0131nda Gazze&#8221; etkinli\u011fi AD\u00dc\u2019de d\u00fczenlendi"},"content":{"rendered":"<p>Adnan Menderes \u00dcniversitesi Filistin Dostlar\u0131 \u00d6\u011frenci Toplulu\u011fu taraf\u0131ndan d\u00fczenlenen &#8220;Vicdan\u0131n K\u0131y\u0131s\u0131nda Gazze&#8221; konulu etkinlik, Atat\u00fcrk Kongre Merkezi Ayd\u0131n Bey Salonu\u2019nda ger\u00e7ekle\u015ftirildi.<br \/>\n<br \/>Programa; AD\u00dc Rekt\u00f6r\u00fc Prof. Dr. B\u00fclent Kent, AK Parti Ayd\u0131n \u0130l Ba\u015fkan\u0131 Mehmet Erdem, MHP Ayd\u0131n \u0130l Ba\u015fkan\u0131 Haldun Haluk Al\u0131c\u0131k, AD\u00dc Genel Sekreter Yard\u0131mc\u0131s\u0131 V. Naciye \u00c7al\u0131\u015f\u0131c\u0131 \u00c7elik, il m\u00fcd\u00fcrleri, oda ba\u015fkanlar\u0131, sivil toplum kurulu\u015fu temsilcileri, fak\u00fclte dekanlar\u0131, enstit\u00fc m\u00fcd\u00fcrleri, akademik ve idari personel ile \u00f6\u011frenciler kat\u0131ld\u0131.<br \/>\n<br \/>Grup Toprak Solisti O\u011fuz Mucan\u2019\u0131n seslendirdi\u011fi duygulu ezgilerle ba\u015flayan program\u0131n moderat\u00f6rl\u00fc\u011f\u00fcn\u00fc ise AD\u00dc E\u011fitim Fak\u00fcltesi \u00d6\u011fretim \u00dcyesi Prof. Dr. Cumali \u00d6ks\u00fcz \u00fcstlendi. Etkinlikte konu\u015fmac\u0131 olarak yer alan K\u00fcresel Sumud Filosu aktivisti Ay\u00e7in Kanto\u011flu, Filistin halk\u0131n\u0131n ya\u015fad\u0131\u011f\u0131 insani dram\u0131, k\u00fcresel vicdan\u0131n bu s\u00fcre\u00e7teki rol\u00fcn\u00fc ve uluslararas\u0131 dayan\u0131\u015fman\u0131n \u00f6nemini kapsaml\u0131 bi\u00e7imde de\u011ferlendirdi.<br \/>\n<br \/>Gazze\u2019ye y\u00f6nelik uygulanan ablukan\u0131n sosyal, ekonomik ve psikolojik etkilerini \u00e7ok y\u00f6nl\u00fc bir bak\u0131\u015f a\u00e7\u0131s\u0131yla ele alan Kanto\u011flu, b\u00f6lge halk\u0131n\u0131n kar\u015f\u0131 kar\u015f\u0131ya kald\u0131\u011f\u0131 zorluklar\u0131 ve bu zorluklara kar\u015f\u0131 geli\u015ftirilen direni\u015f bi\u00e7imlerini somut \u00f6rneklerle aktard\u0131. Ayr\u0131ca, sivil toplum kurulu\u015flar\u0131n\u0131n ve bireysel dayan\u0131\u015fma hareketlerinin bar\u0131\u015f s\u00fcrecine katk\u0131lar\u0131n\u0131 vurgulayan Kanto\u011flu, d\u00fcnyan\u0131n farkl\u0131 \u00fclkelerinde y\u00fcr\u00fct\u00fclen insani yard\u0131m giri\u015fimlerinden \u00f6rnekler payla\u015ft\u0131. Kanto\u011flu, Filistin halk\u0131n\u0131n ya\u015fad\u0131\u011f\u0131 zorluklara ra\u011fmen umut, adalet ve direni\u015f duygusunu korudu\u011funu belirterek, uluslararas\u0131 kamuoyunun sessizli\u011fine kar\u015f\u0131 vicdani bir duru\u015f sergilemenin insanl\u0131k g\u00f6revi oldu\u011funu ifade etti.<br \/>\n<br \/>Program, Ay\u00e7in Kanto\u011flu\u2019na te\u015fekk\u00fcr belgesi ve hediye takdim edilmesinin ard\u0131ndan sona erdi.<br \/><\/p>\n","protected":false},"excerpt":{"rendered":"<p>Adnan Menderes \u00dcniversitesi Filistin Dostlar\u0131 \u00d6\u011frenci Toplulu\u011fu taraf\u0131ndan d\u00fczenlenen &#8220;Vicdan\u0131n K\u0131y\u0131s\u0131nda Gazze&#8221; konulu etkinlik, Atat\u00fcrk Kongre Merkezi Ayd\u0131n Bey Salonu\u2019nda ger\u00e7ekle\u015ftirildi. Programa; AD\u00dc Rekt\u00f6r\u00fc Prof. Dr. B\u00fclent Kent, AK Parti Ayd\u0131n \u0130l Ba\u015fkan\u0131 Mehmet Erdem, MHP Ayd\u0131n \u0130l Ba\u015fkan\u0131 Haldun Haluk Al\u0131c\u0131k, AD\u00dc Genel Sekreter Yard\u0131mc\u0131s\u0131 V. Naciye \u00c7al\u0131\u015f\u0131c\u0131 \u00c7elik, il m\u00fcd\u00fcrleri, oda ba\u015fkanlar\u0131, sivil&#8230;<\/p>\n","protected":false},"author":1,"featured_media":66055,"comment_status":"open","ping_status":"open","sticky":false,"template":"","format":"standard","meta":{"_crdt_document":"","footnotes":""},"categories":[1],"tags":[],"class_list":["post-66054","post","type-post","status-publish","format-standard","has-post-thumbnail","hentry","category-guncel"],"_links":{"self":[{"href":"https:\/\/www.egemtv.com\/index.php?rest_route=\/wp\/v2\/posts\/66054","targetHints":{"allow":["GET"]}}],"collection":[{"href":"https:\/\/www.egemtv.com\/index.php?rest_route=\/wp\/v2\/posts"}],"about":[{"href":"https:\/\/www.egemtv.com\/index.php?rest_route=\/wp\/v2\/types\/post"}],"author":[{"embeddable":true,"href":"https:\/\/www.egemtv.com\/index.php?rest_route=\/wp\/v2\/users\/1"}],"replies":[{"embeddable":true,"href":"https:\/\/www.egemtv.com\/index.php?rest_route=%2Fwp%2Fv2%2Fcomments&post=66054"}],"version-history":[{"count":1,"href":"https:\/\/www.egemtv.com\/index.php?rest_route=\/wp\/v2\/posts\/66054\/revisions"}],"predecessor-version":[{"id":66056,"href":"https:\/\/www.egemtv.com\/index.php?rest_route=\/wp\/v2\/posts\/66054\/revisions\/66056"}],"wp:featuredmedia":[{"embeddable":true,"href":"https:\/\/www.egemtv.com\/index.php?rest_route=\/wp\/v2\/media\/66055"}],"wp:attachment":[{"href":"https:\/\/www.egemtv.com\/index.php?rest_route=%2Fwp%2Fv2%2Fmedia&parent=66054"}],"wp:term":[{"taxonomy":"category","embeddable":true,"href":"https:\/\/www.egemtv.com\/index.php?rest_route=%2Fwp%2Fv2%2Fcategories&post=66054"},{"taxonomy":"post_tag","embeddable":true,"href":"https:\/\/www.egemtv.com\/index.php?rest_route=%2Fwp%2Fv2%2Ftags&post=66054"}],"curies":[{"name":"wp","href":"https:\/\/api.w.org\/{rel}","templated":true}]}}