{"id":66048,"date":"2025-11-06T08:54:53","date_gmt":"2025-11-06T05:54:53","guid":{"rendered":"https:\/\/www.egemtv.com\/?p=66048"},"modified":"2025-11-06T08:54:55","modified_gmt":"2025-11-06T05:54:55","slug":"aydinda-tasinacak-hastanelerde-yeni-hizmet-uniteleri-planlaniyor","status":"publish","type":"post","link":"https:\/\/www.egemtv.com\/?p=66048","title":{"rendered":"&#8220;Ayd\u0131n\u2019da ta\u015f\u0131nacak hastanelerde yeni hizmet \u00fcniteleri planlan\u0131yor&#8221;"},"content":{"rendered":"<p>Ayd\u0131n \u015eehir Hastanesi\u2019nin Aral\u0131k ay\u0131 itibariyle hizmete girmesi planlan\u0131rken, Ayd\u0131n Valisi Yakup Canbolat, ta\u015f\u0131nacak olan hastanelerde b\u00f6lgeye hizmet verebilecek \u00fcnitelerin olu\u015fturulmas\u0131n\u0131 istediklerini s\u00f6yledi.<\/p>\n<p>T\u00fcrkiye\u2019nin 21. \u015eehir Hastanesi Ayd\u0131n\u2019da y\u00fckselmeye devam ederken, sa\u011fl\u0131k hizmetlerinin daha nitelikli sunulmas\u0131 amac\u0131yla merkez il\u00e7e Efeler\u2019de in\u015faat\u0131na ba\u015flanan hastanede sona gelindi. Ayd\u0131n ve Ege B\u00f6lgesi\u2019nin uluslararas\u0131 kalitede bir sa\u011fl\u0131k kamp\u00fcs\u00fc haline gelmesi beklenen \u015eehir Hastanesi\u2019ndeki cihazlar\u0131n testlerinin yap\u0131ld\u0131\u011f\u0131n\u0131 ve tefri\u015fat \u00e7al\u0131\u015fmalar\u0131n\u0131n da Kas\u0131m sonuna kadar tamamlanaca\u011f\u0131n\u0131 ifade eden Vali Canbolat, Ayd\u0131n \u015eehir Hastanesi\u2019nin Aral\u0131k ay\u0131 itibariyle hizmete girmeye haz\u0131r hale gelece\u011fini belirtti.<\/p>\n<p>Ayd\u0131n \u015eehir Hastanesi\u2019nin tamamen devlet eliyle yap\u0131ld\u0131\u011f\u0131n\u0131 \u2018Yap-\u0130\u015flete-Devret&#8221; modelinin olmad\u0131\u011f\u0131n\u0131 ifade eden Vali Canbolat; &#8220;Buras\u0131 genel b\u00fct\u00e7e imkanlar\u0131yla yap\u0131ld\u0131. Dolay\u0131s\u0131yla buradaki b\u00fct\u00fcn i\u015fletmecili\u011fi de Sa\u011fl\u0131k M\u00fcd\u00fcrl\u00fc\u011f\u00fcm\u00fcz ve buradaki Ba\u015fhekimli\u011fimiz gerekli ihale sistemlerini olu\u015fturarak yapacaklar. Biz iki ay \u00f6nce buraya bir y\u00f6netim olu\u015fturduk. Atamalar\u0131m\u0131z\u0131, g\u00f6revlendirmelerimizi yapt\u0131k. O ekip de \u015fu an kendi ekibini olu\u015fturarak burada her t\u00fcrl\u00fc idari sorunlar\u0131n \u00e7\u00f6z\u00fclmesi ve gerekli i\u015flemlerin yap\u0131lmas\u0131 konusunda gece g\u00fcnd\u00fcz Cumartesi, Pazar \u00e7al\u0131\u015f\u0131yor. Biz Aral\u0131k ay\u0131 i\u00e7erisinde buray\u0131 a\u00e7may\u0131 hedefliyoruz&#8221; dedi.<\/p>\n<p>&#8220;Oralar\u0131 tamamen kapatal\u0131m, y\u0131kal\u0131m gibi bir d\u00fc\u015f\u00fcncemiz yok&#8221;<br \/>\n<br \/>\u015eehir Hastanesi\u2019nin a\u00e7\u0131lmas\u0131n\u0131n ard\u0131ndan ta\u015f\u0131nacak hastanelerin ak\u0131betine ili\u015fkin de a\u00e7\u0131klamalarda bulunan Vali Canbolat; &#8220;B\u00fct\u00fcn hastaneleri ta\u015f\u0131yaca\u011f\u0131z ama biz mevcut hastanelerin yerinde sa\u011flaml\u0131k durumuna g\u00f6re yap\u0131lacak testlerle o b\u00f6lgeye hizmet verebilecek \u00fcnitelerin de orada olu\u015fturulmas\u0131n\u0131 istiyoruz. Bunun i\u00e7in \u00f6nce bir test yapaca\u011f\u0131z. Binalar\u0131n hangisi dayan\u0131kl\u0131, ayakta kalabilir diye. Daha sonra o ayakta kalan binalar\u0131n \u2018fonksiyonu ne olabiliri\u2019 Sa\u011fl\u0131k Bakanl\u0131\u011f\u0131m\u0131z\u2019dan gelecek bir teknik ekip, sa\u011fl\u0131k ekibi karar verecek. Yoksa oralar\u0131 tamamen kapatal\u0131m, y\u0131kal\u0131m gibi bir d\u00fc\u015f\u00fcncemiz yok. O b\u00f6lgeye hizmet verecek \u00fcniteler orada olmal\u0131&#8221; dedi.<br \/><\/p>\n","protected":false},"excerpt":{"rendered":"<p>Ayd\u0131n \u015eehir Hastanesi\u2019nin Aral\u0131k ay\u0131 itibariyle hizmete girmesi planlan\u0131rken, Ayd\u0131n Valisi Yakup Canbolat, ta\u015f\u0131nacak olan hastanelerde b\u00f6lgeye hizmet verebilecek \u00fcnitelerin olu\u015fturulmas\u0131n\u0131 istediklerini s\u00f6yledi. T\u00fcrkiye\u2019nin 21. \u015eehir Hastanesi Ayd\u0131n\u2019da y\u00fckselmeye devam ederken, sa\u011fl\u0131k hizmetlerinin daha nitelikli sunulmas\u0131 amac\u0131yla merkez il\u00e7e Efeler\u2019de in\u015faat\u0131na ba\u015flanan hastanede sona gelindi. Ayd\u0131n ve Ege B\u00f6lgesi\u2019nin uluslararas\u0131 kalitede bir sa\u011fl\u0131k kamp\u00fcs\u00fc haline&#8230;<\/p>\n","protected":false},"author":1,"featured_media":66049,"comment_status":"open","ping_status":"open","sticky":false,"template":"","format":"standard","meta":{"_crdt_document":"","footnotes":""},"categories":[2],"tags":[],"class_list":["post-66048","post","type-post","status-publish","format-standard","has-post-thumbnail","hentry","category-saglik"],"_links":{"self":[{"href":"https:\/\/www.egemtv.com\/index.php?rest_route=\/wp\/v2\/posts\/66048","targetHints":{"allow":["GET"]}}],"collection":[{"href":"https:\/\/www.egemtv.com\/index.php?rest_route=\/wp\/v2\/posts"}],"about":[{"href":"https:\/\/www.egemtv.com\/index.php?rest_route=\/wp\/v2\/types\/post"}],"author":[{"embeddable":true,"href":"https:\/\/www.egemtv.com\/index.php?rest_route=\/wp\/v2\/users\/1"}],"replies":[{"embeddable":true,"href":"https:\/\/www.egemtv.com\/index.php?rest_route=%2Fwp%2Fv2%2Fcomments&post=66048"}],"version-history":[{"count":1,"href":"https:\/\/www.egemtv.com\/index.php?rest_route=\/wp\/v2\/posts\/66048\/revisions"}],"predecessor-version":[{"id":66050,"href":"https:\/\/www.egemtv.com\/index.php?rest_route=\/wp\/v2\/posts\/66048\/revisions\/66050"}],"wp:featuredmedia":[{"embeddable":true,"href":"https:\/\/www.egemtv.com\/index.php?rest_route=\/wp\/v2\/media\/66049"}],"wp:attachment":[{"href":"https:\/\/www.egemtv.com\/index.php?rest_route=%2Fwp%2Fv2%2Fmedia&parent=66048"}],"wp:term":[{"taxonomy":"category","embeddable":true,"href":"https:\/\/www.egemtv.com\/index.php?rest_route=%2Fwp%2Fv2%2Fcategories&post=66048"},{"taxonomy":"post_tag","embeddable":true,"href":"https:\/\/www.egemtv.com\/index.php?rest_route=%2Fwp%2Fv2%2Ftags&post=66048"}],"curies":[{"name":"wp","href":"https:\/\/api.w.org\/{rel}","templated":true}]}}