{"id":66039,"date":"2025-11-06T00:54:43","date_gmt":"2025-11-05T21:54:43","guid":{"rendered":"https:\/\/www.egemtv.com\/?p=66039"},"modified":"2025-11-06T00:54:45","modified_gmt":"2025-11-05T21:54:45","slug":"tavsanlida-trafik-kazasi-1-olu-2","status":"publish","type":"post","link":"https:\/\/www.egemtv.com\/?p=66039","title":{"rendered":"Tav\u015fanl\u0131\u2019da trafik kazas\u0131: 1 \u00f6l\u00fc"},"content":{"rendered":"<p>K\u00fctahya\u2019n\u0131n Tav\u015fanl\u0131 il\u00e7esinde meydana gelen trafik kazas\u0131nda 76 ya\u015f\u0131ndaki bir yaya ya\u015fam\u0131n\u0131 yitirdi.<br \/>\n<br \/>Kaza, Tav\u015fanl\u0131 \u00e7evreyolunda meydana geldi. Edinilen bilgilere g\u00f6re, B.A. y\u00f6netimindeki 16 BIR 103 plakal\u0131 otomobil, Moymul Mahallesi istikametine seyir halindeyken yolun kar\u015f\u0131s\u0131na ge\u00e7meye \u00e7al\u0131\u015fan Hasan \u00d6zt\u00fcrk\u2019e (76) \u00e7arpt\u0131. \u00c7arpman\u0131n etkisiyle savrulan ya\u015fl\u0131 adama ilk m\u00fcdahale, ihbar \u00fczerine olay yerine gelen 112 Acil Servis ekipleri taraf\u0131ndan yap\u0131ld\u0131. A\u011f\u0131r yaralanan \u00d6zt\u00fcrk, ambulansla Tav\u015fanl\u0131 Do\u00e7. Dr. Mustafa Kalemli Devlet Hastanesi\u2019ne kald\u0131r\u0131ld\u0131. Ancak doktorlar\u0131n t\u00fcm m\u00fcdahalesine ra\u011fmen kurtar\u0131lamayarak hayat\u0131n\u0131 kaybetti.<br \/>\n<br \/>Kazayla ilgili soru\u015fturma ba\u015flat\u0131ld\u0131.<br \/><\/p>\n","protected":false},"excerpt":{"rendered":"<p>K\u00fctahya\u2019n\u0131n Tav\u015fanl\u0131 il\u00e7esinde meydana gelen trafik kazas\u0131nda 76 ya\u015f\u0131ndaki bir yaya ya\u015fam\u0131n\u0131 yitirdi. Kaza, Tav\u015fanl\u0131 \u00e7evreyolunda meydana geldi. Edinilen bilgilere g\u00f6re, B.A. y\u00f6netimindeki 16 BIR 103 plakal\u0131 otomobil, Moymul Mahallesi istikametine seyir halindeyken yolun kar\u015f\u0131s\u0131na ge\u00e7meye \u00e7al\u0131\u015fan Hasan \u00d6zt\u00fcrk\u2019e (76) \u00e7arpt\u0131. \u00c7arpman\u0131n etkisiyle savrulan ya\u015fl\u0131 adama ilk m\u00fcdahale, ihbar \u00fczerine olay yerine gelen 112 Acil&#8230;<\/p>\n","protected":false},"author":1,"featured_media":66040,"comment_status":"open","ping_status":"open","sticky":false,"template":"","format":"standard","meta":{"_crdt_document":"","footnotes":""},"categories":[5],"tags":[],"class_list":["post-66039","post","type-post","status-publish","format-standard","has-post-thumbnail","hentry","category-asayis"],"_links":{"self":[{"href":"https:\/\/www.egemtv.com\/index.php?rest_route=\/wp\/v2\/posts\/66039","targetHints":{"allow":["GET"]}}],"collection":[{"href":"https:\/\/www.egemtv.com\/index.php?rest_route=\/wp\/v2\/posts"}],"about":[{"href":"https:\/\/www.egemtv.com\/index.php?rest_route=\/wp\/v2\/types\/post"}],"author":[{"embeddable":true,"href":"https:\/\/www.egemtv.com\/index.php?rest_route=\/wp\/v2\/users\/1"}],"replies":[{"embeddable":true,"href":"https:\/\/www.egemtv.com\/index.php?rest_route=%2Fwp%2Fv2%2Fcomments&post=66039"}],"version-history":[{"count":1,"href":"https:\/\/www.egemtv.com\/index.php?rest_route=\/wp\/v2\/posts\/66039\/revisions"}],"predecessor-version":[{"id":66041,"href":"https:\/\/www.egemtv.com\/index.php?rest_route=\/wp\/v2\/posts\/66039\/revisions\/66041"}],"wp:featuredmedia":[{"embeddable":true,"href":"https:\/\/www.egemtv.com\/index.php?rest_route=\/wp\/v2\/media\/66040"}],"wp:attachment":[{"href":"https:\/\/www.egemtv.com\/index.php?rest_route=%2Fwp%2Fv2%2Fmedia&parent=66039"}],"wp:term":[{"taxonomy":"category","embeddable":true,"href":"https:\/\/www.egemtv.com\/index.php?rest_route=%2Fwp%2Fv2%2Fcategories&post=66039"},{"taxonomy":"post_tag","embeddable":true,"href":"https:\/\/www.egemtv.com\/index.php?rest_route=%2Fwp%2Fv2%2Ftags&post=66039"}],"curies":[{"name":"wp","href":"https:\/\/api.w.org\/{rel}","templated":true}]}}