{"id":66036,"date":"2025-11-06T00:16:30","date_gmt":"2025-11-05T21:16:30","guid":{"rendered":"https:\/\/www.egemtv.com\/?p=66036"},"modified":"2025-11-06T00:16:32","modified_gmt":"2025-11-05T21:16:32","slug":"spil-daginin-essiz-manzarasi-kunduz-super-ay-ile-aydinlandi","status":"publish","type":"post","link":"https:\/\/www.egemtv.com\/?p=66036","title":{"rendered":"Spil Da\u011f\u0131\u2019n\u0131n e\u015fsiz manzaras\u0131 &#8220;Kunduz S\u00fcper Ay&#8221; ile ayd\u0131nland\u0131"},"content":{"rendered":"<p>Manisa\u2019n\u0131n 1417 metre rak\u0131ml\u0131 Spil Da\u011f\u0131 Milli Park\u0131 &#8220;Kunduz Ay\u0131&#8221; olarak da bilinen S\u00fcper Ay ile ayd\u0131nlan\u0131rken, ortaya seyrine doyulmaz manzaralar \u00e7\u0131kt\u0131.<br \/>\n<br \/>Kas\u0131m ay\u0131ndaki dolunaya verilen ad olan &#8220;Kunduz Ay&#8221;\u0131, bu y\u0131l Ay\u2019\u0131n D\u00fcnya\u2019ya en yak\u0131n evresi olan \u2019S\u00fcper Ay\u2019 evresine denk geldi. Ay\u2019\u0131n D\u00fcnya\u2019ya en yak\u0131n konumda oldu\u011fu \u2019S\u00fcper Ay\u2019, Manisa\u2019n\u0131n 1417 metre rak\u0131ml\u0131 Spil Da\u011f\u0131 Milli Park\u0131\u2019nda da g\u00f6zlendi. \u015eehrin \u0131\u015f\u0131klar\u0131ndan uzak olan b\u00f6lgede g\u00f6ky\u00fcz\u00fc net \u015fekilde izlenebilirken, zirve noktas\u0131ndan ovaya kadar uzanan alan Ay\u2019\u0131n g\u00fcm\u00fc\u015fi par\u0131lt\u0131s\u0131na b\u00fcr\u00fcnd\u00fc. S\u00fcper Ay, Spil Da\u011f\u0131 Milli Park\u0131n\u0131n zirvelerinde seyrine doyumsuz manzaralar ortaya \u00e7\u0131kard\u0131. En son 2019 y\u0131l\u0131nda D\u00fcnya\u2019ya bu kadar yakla\u015fan Ay, \u0131\u015f\u0131\u011f\u0131yla zirveyi ayd\u0131nlatt\u0131.<br \/><\/p>\n","protected":false},"excerpt":{"rendered":"<p>Manisa\u2019n\u0131n 1417 metre rak\u0131ml\u0131 Spil Da\u011f\u0131 Milli Park\u0131 &#8220;Kunduz Ay\u0131&#8221; olarak da bilinen S\u00fcper Ay ile ayd\u0131nlan\u0131rken, ortaya seyrine doyulmaz manzaralar \u00e7\u0131kt\u0131. Kas\u0131m ay\u0131ndaki dolunaya verilen ad olan &#8220;Kunduz Ay&#8221;\u0131, bu y\u0131l Ay\u2019\u0131n D\u00fcnya\u2019ya en yak\u0131n evresi olan \u2019S\u00fcper Ay\u2019 evresine denk geldi. Ay\u2019\u0131n D\u00fcnya\u2019ya en yak\u0131n konumda oldu\u011fu \u2019S\u00fcper Ay\u2019, Manisa\u2019n\u0131n 1417 metre rak\u0131ml\u0131&#8230;<\/p>\n","protected":false},"author":1,"featured_media":66037,"comment_status":"open","ping_status":"open","sticky":false,"template":"","format":"standard","meta":{"_crdt_document":"","footnotes":""},"categories":[1],"tags":[],"class_list":["post-66036","post","type-post","status-publish","format-standard","has-post-thumbnail","hentry","category-guncel"],"_links":{"self":[{"href":"https:\/\/www.egemtv.com\/index.php?rest_route=\/wp\/v2\/posts\/66036","targetHints":{"allow":["GET"]}}],"collection":[{"href":"https:\/\/www.egemtv.com\/index.php?rest_route=\/wp\/v2\/posts"}],"about":[{"href":"https:\/\/www.egemtv.com\/index.php?rest_route=\/wp\/v2\/types\/post"}],"author":[{"embeddable":true,"href":"https:\/\/www.egemtv.com\/index.php?rest_route=\/wp\/v2\/users\/1"}],"replies":[{"embeddable":true,"href":"https:\/\/www.egemtv.com\/index.php?rest_route=%2Fwp%2Fv2%2Fcomments&post=66036"}],"version-history":[{"count":1,"href":"https:\/\/www.egemtv.com\/index.php?rest_route=\/wp\/v2\/posts\/66036\/revisions"}],"predecessor-version":[{"id":66038,"href":"https:\/\/www.egemtv.com\/index.php?rest_route=\/wp\/v2\/posts\/66036\/revisions\/66038"}],"wp:featuredmedia":[{"embeddable":true,"href":"https:\/\/www.egemtv.com\/index.php?rest_route=\/wp\/v2\/media\/66037"}],"wp:attachment":[{"href":"https:\/\/www.egemtv.com\/index.php?rest_route=%2Fwp%2Fv2%2Fmedia&parent=66036"}],"wp:term":[{"taxonomy":"category","embeddable":true,"href":"https:\/\/www.egemtv.com\/index.php?rest_route=%2Fwp%2Fv2%2Fcategories&post=66036"},{"taxonomy":"post_tag","embeddable":true,"href":"https:\/\/www.egemtv.com\/index.php?rest_route=%2Fwp%2Fv2%2Ftags&post=66036"}],"curies":[{"name":"wp","href":"https:\/\/api.w.org\/{rel}","templated":true}]}}