{"id":66033,"date":"2025-11-05T23:54:45","date_gmt":"2025-11-05T20:54:45","guid":{"rendered":"https:\/\/www.egemtv.com\/?p=66033"},"modified":"2025-11-05T23:54:47","modified_gmt":"2025-11-05T20:54:47","slug":"aliaga-belediyesinin-yuzme-havuzlari-izmirde-sporun-merkezi-oldu","status":"publish","type":"post","link":"https:\/\/www.egemtv.com\/?p=66033","title":{"rendered":"Alia\u011fa Belediyesi\u2019nin y\u00fczme havuzlar\u0131 \u0130zmir\u2019de sporun merkezi oldu"},"content":{"rendered":"<p>Alia\u011fa Belediyesi taraf\u0131ndan projelendirilen Alia\u011fa Gen\u00e7lik Merkezi ile Alia\u011fa Spor ve Ya\u015fam Merkezi, sahip oldu\u011fu yar\u0131 olimpik havuzlarla \u0130zmir genelinde su sporlar\u0131na \u00f6nc\u00fcl\u00fck ediyor.<br \/>\n<br \/>Son 10 y\u0131lda spora yapt\u0131\u011f\u0131 yat\u0131r\u0131mlarla \u00f6ne \u00e7\u0131kan Alia\u011fa Belediyesi, Alia\u011fa Gen\u00e7lik Merkezi ve Alia\u011fa Spor ve Ya\u015fam Merkezi ile kente iki \u00f6nemli yar\u0131 olimpik y\u00fczme havuzu kazand\u0131rd\u0131. Donan\u0131ml\u0131 spor kompleksleri ve nitelikli e\u011fitim programlar\u0131yla \u0130zmir\u2019e \u00f6rnek olan Alia\u011fa, \u00f6zel g\u00fcnlerde b\u00f6lge \u00e7ap\u0131nda d\u00fczenlenen y\u00fczme yar\u0131\u015fmalar\u0131na da ev sahipli\u011fi yap\u0131yor.  Bu merkezlerde yeti\u015fen y\u00fcz\u00fcc\u00fcler, b\u00f6lge yar\u0131\u015fmalar\u0131nda elde ettikleri derecelerle T\u00fcrkiye finallerinde Alia\u011fa\u2019y\u0131 temsil etmeye haz\u0131rlan\u0131yor.<br \/>\n<br \/>Alia\u011fa Belediyesi spor okullar\u0131nda cimnastik, karate, taekwondo, g\u00fcre\u015f, basketbol, futbol, tenis ve y\u00fczme bran\u015flar\u0131nda y\u00fczlerce \u00e7ocuk ve gen\u00e7 e\u011fitim al\u0131yor. Y\u00fczme bran\u015f\u0131nda yeti\u015fen sporcular ise ba\u015far\u0131 grafi\u011fini her ge\u00e7en y\u0131l daha y\u00fckse\u011fe ta\u015f\u0131yor. 2025 y\u0131l\u0131 b\u00f6lge m\u00fcsabakalar\u0131nda dikkat \u00e7eken Alia\u011fal\u0131 y\u00fcz\u00fcc\u00fcler, 27\u201330 Kas\u0131m tarihlerinde Trabzon\u2019da d\u00fczenlenecek T\u00fcrkiye finallerinde Alia\u011fa\u2019y\u0131 temsil edecek.<br \/>\n<br \/>Alia\u011fa Belediyesi\u2019nin yar\u0131 olimpik y\u00fczme havuzlar\u0131 yaln\u0131zca lisansl\u0131 sporculara de\u011fil, 7\u2019den 70\u2019e her ya\u015ftan vatanda\u015fa hizmet veriyor. Y\u0131l boyunca d\u00fczenlenen kurslar, a\u00e7\u0131k seanslar ve serbest y\u00fczme programlar\u0131yla y\u00fczlerce Alia\u011fal\u0131 tesislerden yararlan\u0131yor. \u00d6zellikle \u00e7ocuk ve gen\u00e7lere y\u00f6nelik y\u00fczme e\u011fitimleri yo\u011fun ilgi g\u00f6r\u00fcrken, spor okullar\u0131nda y\u0131l i\u00e7erisinde y\u00fczlerce \u00f6\u011frenci profesyonel antren\u00f6rler e\u015fli\u011finde y\u00fczme e\u011fitimi alarak temel y\u00fczme tekniklerini \u00f6\u011freniyor ve bran\u015flar\u0131nda kendilerini geli\u015ftiriyor.<br \/><\/p>\n","protected":false},"excerpt":{"rendered":"<p>Alia\u011fa Belediyesi taraf\u0131ndan projelendirilen Alia\u011fa Gen\u00e7lik Merkezi ile Alia\u011fa Spor ve Ya\u015fam Merkezi, sahip oldu\u011fu yar\u0131 olimpik havuzlarla \u0130zmir genelinde su sporlar\u0131na \u00f6nc\u00fcl\u00fck ediyor. Son 10 y\u0131lda spora yapt\u0131\u011f\u0131 yat\u0131r\u0131mlarla \u00f6ne \u00e7\u0131kan Alia\u011fa Belediyesi, Alia\u011fa Gen\u00e7lik Merkezi ve Alia\u011fa Spor ve Ya\u015fam Merkezi ile kente iki \u00f6nemli yar\u0131 olimpik y\u00fczme havuzu kazand\u0131rd\u0131. Donan\u0131ml\u0131 spor kompleksleri&#8230;<\/p>\n","protected":false},"author":1,"featured_media":66034,"comment_status":"open","ping_status":"open","sticky":false,"template":"","format":"standard","meta":{"_crdt_document":"","footnotes":""},"categories":[1],"tags":[],"class_list":["post-66033","post","type-post","status-publish","format-standard","has-post-thumbnail","hentry","category-guncel"],"_links":{"self":[{"href":"https:\/\/www.egemtv.com\/index.php?rest_route=\/wp\/v2\/posts\/66033","targetHints":{"allow":["GET"]}}],"collection":[{"href":"https:\/\/www.egemtv.com\/index.php?rest_route=\/wp\/v2\/posts"}],"about":[{"href":"https:\/\/www.egemtv.com\/index.php?rest_route=\/wp\/v2\/types\/post"}],"author":[{"embeddable":true,"href":"https:\/\/www.egemtv.com\/index.php?rest_route=\/wp\/v2\/users\/1"}],"replies":[{"embeddable":true,"href":"https:\/\/www.egemtv.com\/index.php?rest_route=%2Fwp%2Fv2%2Fcomments&post=66033"}],"version-history":[{"count":1,"href":"https:\/\/www.egemtv.com\/index.php?rest_route=\/wp\/v2\/posts\/66033\/revisions"}],"predecessor-version":[{"id":66035,"href":"https:\/\/www.egemtv.com\/index.php?rest_route=\/wp\/v2\/posts\/66033\/revisions\/66035"}],"wp:featuredmedia":[{"embeddable":true,"href":"https:\/\/www.egemtv.com\/index.php?rest_route=\/wp\/v2\/media\/66034"}],"wp:attachment":[{"href":"https:\/\/www.egemtv.com\/index.php?rest_route=%2Fwp%2Fv2%2Fmedia&parent=66033"}],"wp:term":[{"taxonomy":"category","embeddable":true,"href":"https:\/\/www.egemtv.com\/index.php?rest_route=%2Fwp%2Fv2%2Fcategories&post=66033"},{"taxonomy":"post_tag","embeddable":true,"href":"https:\/\/www.egemtv.com\/index.php?rest_route=%2Fwp%2Fv2%2Ftags&post=66033"}],"curies":[{"name":"wp","href":"https:\/\/api.w.org\/{rel}","templated":true}]}}