{"id":66015,"date":"2025-11-05T18:14:45","date_gmt":"2025-11-05T15:14:45","guid":{"rendered":"https:\/\/www.egemtv.com\/?p=66015"},"modified":"2025-11-05T18:14:46","modified_gmt":"2025-11-05T15:14:46","slug":"tobb-manisa-kadin-girisimciler-icra-komitesi-turgutluda-toplandi","status":"publish","type":"post","link":"https:\/\/www.egemtv.com\/?p=66015","title":{"rendered":"TOBB Manisa Kad\u0131n Giri\u015fimciler \u0130cra Komitesi Turgutlu\u2019da topland\u0131"},"content":{"rendered":"<p>T\u00fcrkiye Odalar ve Borsalar Birli\u011fi\u2019nin (TOBB) \u00f6nc\u00fcl\u00fc\u011f\u00fcnde Manisa ve il\u00e7elerindeki kad\u0131n giri\u015fimcileri bir araya getiren TOBB Manisa Kad\u0131n Giri\u015fimciler \u0130cra Komitesi, Turgutlu Ticaret ve Sanayi Odas\u0131 (TUTSO) ile TOBB Turgutlu Kad\u0131n Giri\u015fimciler Kurulu\u2019nun ev sahipli\u011finde topland\u0131.<br \/>\n<br \/>Turgutlu Kad\u0131n Giri\u015fimciler Kurulu taraf\u0131ndan kurulan Kasabai Kad\u0131n Kooperatifi\u2019nin \u00c7\u0131kr\u0131k\u00e7\u0131 Mahallesi\u2019ndeki kahvalt\u0131 salonunda ger\u00e7ekle\u015ftirilen toplant\u0131ya; TUTSO Y\u00f6netim Kurulu Ba\u015fkan\u0131 Faruk Ayd\u0131n ve e\u015fi Fahriye Ayd\u0131n, Genel Sekreter Nevzat Avc\u0131 ile TOBB Manisa KGK Ba\u015fkan\u0131 Emel Uslu, Turgutlu KGK temsilcisi Jale Kutluel ve il\u00e7elerde ki komite \u00fcyeleri kat\u0131ld\u0131.<\/p>\n<p>TUTSO\u2019dan kad\u0131n giri\u015fimcilere destek vurgusu<br \/>\n<br \/>Toplant\u0131n\u0131n a\u00e7\u0131l\u0131\u015f\u0131nda konu\u015fan Turgutlu KGK temsilcisi Jale Kutluel, kat\u0131l\u0131mc\u0131lara te\u015fekk\u00fcr ederken, kad\u0131n giri\u015fimcilere verdi\u011fi desteklerden dolay\u0131 TUTSO Y\u00f6netim Kurulu Ba\u015fkan\u0131 Faruk Ayd\u0131n\u2019a Atat\u00fcrk portresi hediye etti.<br \/>\n<br \/>TUTSO Ba\u015fkan\u0131 Faruk Ayd\u0131n, kad\u0131n giri\u015fimcilere verdikleri \u00f6nemi vurgulayarak \u015funlar\u0131 s\u00f6yledi: &#8220;Biz kad\u0131n giri\u015fimcilere \u00e7ok \u00f6nem veriyoruz. TUTSO olarak evrak al\u0131p, evrak veren bir kurum de\u011fil, \u00fcreten bir kurumuz. TOBB\u2019a ba\u011fl\u0131 odalar olarak hem Manisa\u2019da hem de T\u00fcrkiye genelinde g\u00fczel i\u015flere imza at\u0131yoruz ve s\u00fcrekli diyalog halindeyiz. T\u00fcrkiye\u2019nin en b\u00fcy\u00fck sivil toplum \u00f6rg\u00fct\u00fc olarak, sanayicilerimiz ve i\u015f insanlar\u0131m\u0131zla aral\u0131ks\u0131z olarak \u00e7al\u0131\u015f\u0131yor, \u00fclkemizin kalk\u0131nmas\u0131 i\u00e7in emek veriyoruz. Sizleri burada a\u011f\u0131rlamaktan dolay\u0131 olduk\u00e7a mutluyuz&#8221; dedi.<\/p>\n<p>L\u00f6semili \u00e7ocuklar i\u00e7in fark\u0131ndal\u0131k olu\u015fturuldu<br \/>\n<br \/>TOBB Manisa KGK Ba\u015fkan\u0131 Emel Uslu ise konu\u015fmas\u0131nda Faruk Ayd\u0131n\u2019a ev sahipli\u011fi i\u00e7in te\u015fekk\u00fcr etti ve kad\u0131n\u0131n ekonomiye katk\u0131s\u0131n\u0131n \u00f6nemine dikkat \u00e7ekti: &#8220;Faruk ba\u015fkan\u0131m\u0131za ev sahipliklerinden dolay\u0131 te\u015fekk\u00fcr ediyoruz. Ger\u00e7ekten g\u00fczel bir ortamda bug\u00fcn buraday\u0131z. Biliyorsunuz kad\u0131n\u0131n dokundu\u011fu her yer g\u00fczelle\u015fiyor. Manisa KGK olarak bizler de elimizden geldi\u011fince \u00fcretimin ve geli\u015fimin her a\u015famas\u0131nda olmaya \u00e7al\u0131\u015f\u0131yoruz.&#8221;<br \/>\n<br \/>Uslu, ayr\u0131ca toplant\u0131n\u0131n yap\u0131ld\u0131\u011f\u0131 haftan\u0131n &#8220;L\u00f6semili \u00c7ocuklar Haftas\u0131&#8221; olmas\u0131 nedeniyle bir fark\u0131ndal\u0131k mesaj\u0131 verdi: &#8220;Bu hafta l\u00f6semili \u00e7ocuklar haftas\u0131 ve bizler de kampanyalar\u0131na destek vermek i\u00e7in bug\u00fcn hepimiz turuncu \u00e7i\u00e7ekler takt\u0131k. L\u00f6semili \u00e7ocuklar\u0131m\u0131za destek olmak amac\u0131yla fark\u0131ndal\u0131k olu\u015fturmak istedik. Elimizden geldi\u011fince destek vermeye devam edece\u011fiz.&#8221;<br \/>\n<br \/>Toplant\u0131da, Turgutlu\u2019nun tarihi hakk\u0131nda, mimar K\u00fcbra I\u015f\u0131l Me\u015fe taraf\u0131ndan kat\u0131l\u0131mc\u0131lara bilgilendirme yap\u0131ld\u0131.<br \/>\n<br \/>Toplant\u0131, b\u00f6lgedeki kad\u0131n giri\u015fimcili\u011fin g\u00fc\u00e7lendirilmesi ve i\u015fbirli\u011finin art\u0131r\u0131lmas\u0131 konular\u0131n\u0131n ele al\u0131nmas\u0131n\u0131n ard\u0131ndan sona erdi.<br \/>\n<br \/>Manisa KGK \u0130cra Komitesi toplant\u0131s\u0131 sonras\u0131nda, kad\u0131n giri\u015fimciler kurulu \u00fcyeleri Turgutlu Kent M\u00fczesini ziyaret etti.<br \/><\/p>\n","protected":false},"excerpt":{"rendered":"<p>T\u00fcrkiye Odalar ve Borsalar Birli\u011fi\u2019nin (TOBB) \u00f6nc\u00fcl\u00fc\u011f\u00fcnde Manisa ve il\u00e7elerindeki kad\u0131n giri\u015fimcileri bir araya getiren TOBB Manisa Kad\u0131n Giri\u015fimciler \u0130cra Komitesi, Turgutlu Ticaret ve Sanayi Odas\u0131 (TUTSO) ile TOBB Turgutlu Kad\u0131n Giri\u015fimciler Kurulu\u2019nun ev sahipli\u011finde topland\u0131. Turgutlu Kad\u0131n Giri\u015fimciler Kurulu taraf\u0131ndan kurulan Kasabai Kad\u0131n Kooperatifi\u2019nin \u00c7\u0131kr\u0131k\u00e7\u0131 Mahallesi\u2019ndeki kahvalt\u0131 salonunda ger\u00e7ekle\u015ftirilen toplant\u0131ya; TUTSO Y\u00f6netim Kurulu Ba\u015fkan\u0131&#8230;<\/p>\n","protected":false},"author":1,"featured_media":66016,"comment_status":"open","ping_status":"open","sticky":false,"template":"","format":"standard","meta":{"_crdt_document":"","footnotes":""},"categories":[123],"tags":[],"class_list":["post-66015","post","type-post","status-publish","format-standard","has-post-thumbnail","hentry","category-gundem"],"_links":{"self":[{"href":"https:\/\/www.egemtv.com\/index.php?rest_route=\/wp\/v2\/posts\/66015","targetHints":{"allow":["GET"]}}],"collection":[{"href":"https:\/\/www.egemtv.com\/index.php?rest_route=\/wp\/v2\/posts"}],"about":[{"href":"https:\/\/www.egemtv.com\/index.php?rest_route=\/wp\/v2\/types\/post"}],"author":[{"embeddable":true,"href":"https:\/\/www.egemtv.com\/index.php?rest_route=\/wp\/v2\/users\/1"}],"replies":[{"embeddable":true,"href":"https:\/\/www.egemtv.com\/index.php?rest_route=%2Fwp%2Fv2%2Fcomments&post=66015"}],"version-history":[{"count":1,"href":"https:\/\/www.egemtv.com\/index.php?rest_route=\/wp\/v2\/posts\/66015\/revisions"}],"predecessor-version":[{"id":66017,"href":"https:\/\/www.egemtv.com\/index.php?rest_route=\/wp\/v2\/posts\/66015\/revisions\/66017"}],"wp:featuredmedia":[{"embeddable":true,"href":"https:\/\/www.egemtv.com\/index.php?rest_route=\/wp\/v2\/media\/66016"}],"wp:attachment":[{"href":"https:\/\/www.egemtv.com\/index.php?rest_route=%2Fwp%2Fv2%2Fmedia&parent=66015"}],"wp:term":[{"taxonomy":"category","embeddable":true,"href":"https:\/\/www.egemtv.com\/index.php?rest_route=%2Fwp%2Fv2%2Fcategories&post=66015"},{"taxonomy":"post_tag","embeddable":true,"href":"https:\/\/www.egemtv.com\/index.php?rest_route=%2Fwp%2Fv2%2Ftags&post=66015"}],"curies":[{"name":"wp","href":"https:\/\/api.w.org\/{rel}","templated":true}]}}