{"id":66012,"date":"2025-11-05T17:55:08","date_gmt":"2025-11-05T14:55:08","guid":{"rendered":"https:\/\/www.egemtv.com\/?p=66012"},"modified":"2025-11-05T17:55:09","modified_gmt":"2025-11-05T14:55:09","slug":"muskiden-bodrum-cevat-sakir-mahallesinin-su-temini-aciklamasi","status":"publish","type":"post","link":"https:\/\/www.egemtv.com\/?p=66012","title":{"rendered":"MUSK\u0130\u2019den Bodrum Cevat \u015eakir Mahallesinin su temini a\u00e7\u0131klamas\u0131"},"content":{"rendered":"<p>Mu\u011fla B\u00fcy\u00fck\u015fehir Belediyesi Su ve kanalizasyon \u0130daresi Genel M\u00fcd\u00fcrl\u00fc\u011f\u00fc (MUSK\u0130), Geyik Baraj\u0131ndan Bodrum\u2019un su teminini sa\u011flayan su isale hatlar\u0131ndaki ar\u0131zan\u0131n giderildi\u011fi a\u00e7\u0131klan\u0131rken, Bodrum Cevat \u015eakir Mahallesinin kot fark\u0131 nedeniyle suyun Per\u015fembe saat saatlerinde b\u00f6lgeye ula\u015fmas\u0131n\u0131n beklendi\u011fi a\u00e7\u0131kland\u0131.<br \/>\n<br \/>Yap\u0131lan a\u00e7\u0131klamada, &#8220;Bodrum \u0130l\u00e7emizin Cevat \u015eakir Mahallesin ve di\u011fer b\u00f6lgelerde ya\u015fanan su kesintileri hakk\u0131nda a\u00e7\u0131klama yap\u0131lmas\u0131 gere\u011fi do\u011fmu\u015ftur. Bodrum \u0130l\u00e7emizi besleyen iki ana su kayna\u011f\u0131 vard\u0131r. Bunlar Mumcular ve Geyik Barajlar\u0131d\u0131r. Barajlardaki suyun temin edilmesi DS\u0130, bu suyun da\u011f\u0131t\u0131m\u0131 ise kurumumuza aittir. Barajlar d\u0131\u015f\u0131nda Bodrum\u2019a MUSK\u0130 Genel M\u00fcd\u00fcrl\u00fc\u011f\u00fcm\u00fcze ait yeralt\u0131 ve yer\u00fcst\u00fc su kaynaklar\u0131 da ilave edilerek su sa\u011flanmaktad\u0131r. Bilindi\u011fi \u00fczere Bodrum\u2019un ana su kaynaklar\u0131ndan biri olan Mumcular Baraj\u0131 DS\u0130 taraf\u0131ndan Eyl\u00fcl ay\u0131 ba\u015f\u0131nda kapat\u0131larak tar\u0131msal sulamaya y\u00f6nlendirilmi\u015f, Geyik Baraj\u0131ndan verilen su ise ge\u00e7ti\u011fimiz y\u0131llara oranla y\u00fczde 50 oran\u0131nda azalt\u0131lm\u0131\u015ft\u0131r. Hali haz\u0131rda Bodrum\u2019a 1000-1100 litre \/saniyeye yak\u0131n su sa\u011flanmaktad\u0131r. Sa\u011flanan suyun daha \u00f6nceki y\u0131llarda 600-650 lt\/saniyesi Geyik Baraj\u0131ndan kar\u015f\u0131lan\u0131rken, bu rakam 2025 y\u0131l\u0131nda 300-400 litre\/ d\u00fc\u015f\u00fcr\u00fclm\u00fc\u015ft\u00fcr.  Geri kalan k\u0131sm\u0131 ise \u00c7amk\u00f6y, Karaova Mumcular ve Bodrum yeralt\u0131 sular\u0131n\u0131nd\u0131n kar\u015f\u0131lanmaktad\u0131r. Ayr\u0131ca 2012 y\u0131l\u0131nda yap\u0131lan ve g\u00fcn\u00fcm\u00fcze kadar 3 binin \u00fczerinde ar\u0131za ya\u015fanan, binlerce m3 su ve maddi kay\u0131plara neden olan ar\u0131zal\u0131 CTP hatlar\u0131n yenilenme \u00e7al\u0131\u015fmalar\u0131n\u0131 da s\u00fcrd\u00fcr\u00fcyoruz. Torba-Turgutreis-M\u00fcskebi-Yah\u015fi ve G\u00fcmbet g\u00fczergah\u0131nda devam eden ana isale hat yenileme projemizle art\u0131k ar\u0131za kaynakl\u0131 kesintilerin \u00f6n\u00fcne ge\u00e7ece\u011fiz. Ayr\u0131ca G\u00f6lt\u00fcrkb\u00fck\u00fc-Yal\u0131kavak ve G\u00fcndo\u011fan g\u00fczergah\u0131n\u0131 kapsyan Kuzey isale hatt\u0131n\u0131n yenilenmesi i\u00e7inde ihale \u00e7al\u0131\u015fmalar\u0131m\u0131z tamamlanmak \u00fczere&#8221; denildi.<br \/>\n<br \/>Geyik Baraj\u0131ndan Bodrum\u2019a gelen su isale hatt\u0131nda ya\u015fanman ar\u0131zan\u0131n giderildi\u011fi a\u00e7\u0131klan\u0131rken, Cevat \u015eakir Mahallesinin alt kotlarda kalmas\u0131 nedeniyle suyun ula\u015f\u0131m\u0131nda gecikme ya\u015fand\u0131\u011f\u0131 belirtilen a\u00e7\u0131klamada, &#8220;Geyik Baraj\u0131ndan Bodrum\u2019a su sa\u011flayan ana isale hatt\u0131ndaki 6 ar\u0131za sabah 05.30\u2019a kadar s\u00fcren \u00e7al\u0131\u015fmalarla ile giderildi. T\u00fcm bunlar\u0131n yan\u0131 s\u0131ra Geyik Baraj\u0131ndan G\u00fcvercinlik i\u00e7me Suyu Ar\u0131tma Tesisine gelen oradan da Bodrum\u2019a aktar\u0131lan suyu ta\u015f\u0131yan hatlarda ar\u0131zalar tespit edilmi\u015ftir. 6 adet ana isale hat ar\u0131zas\u0131na Geyik Baraj\u0131ndan gelen su kesilerek m\u00fcdahale edilmi\u015f ve sabah 05.30\u2019a kadar tamirat \u00e7al\u0131\u015fmalar\u0131 s\u00fcrm\u00fc\u015ft\u00fcr. Sabah saatlerinde tamamlanan ar\u0131za tamiratlar\u0131 ile hatlar sorunsuz olarak devreye al\u0131nm\u0131\u015ft\u0131r. Ancak hatlar\u0131n bo\u015falt\u0131lmas\u0131, tamirat i\u015flemler, hatt\u0131n tekrar dolmas\u0131, bo\u015falan depolara suyu ula\u015farak dolmas\u0131 ve son olarak evlere ula\u015fmas\u0131 zaman almaktad\u0131r. Bodrum\u2019un merkez mahallelerine su d\u00fcn itibariyle kesintisiz olarak verilmi\u015f ancak belirtilen s\u00fcre\u00e7ler do\u011frultusunda evlere ula\u015fmas\u0131 farkl\u0131l\u0131k g\u00f6stermektedir. Cevat \u015eakir Mahallemizin alt kotlar\u0131na su ula\u015fmaya ba\u015flam\u0131\u015f olsa da b\u00f6lgenin tamam\u0131na su yar\u0131n (06 Per\u015fembe 2025) sabah saatlerinde ula\u015facakt\u0131r&#8221; denildi.<br \/><\/p>\n","protected":false},"excerpt":{"rendered":"<p>Mu\u011fla B\u00fcy\u00fck\u015fehir Belediyesi Su ve kanalizasyon \u0130daresi Genel M\u00fcd\u00fcrl\u00fc\u011f\u00fc (MUSK\u0130), Geyik Baraj\u0131ndan Bodrum\u2019un su teminini sa\u011flayan su isale hatlar\u0131ndaki ar\u0131zan\u0131n giderildi\u011fi a\u00e7\u0131klan\u0131rken, Bodrum Cevat \u015eakir Mahallesinin kot fark\u0131 nedeniyle suyun Per\u015fembe saat saatlerinde b\u00f6lgeye ula\u015fmas\u0131n\u0131n beklendi\u011fi a\u00e7\u0131kland\u0131. Yap\u0131lan a\u00e7\u0131klamada, &#8220;Bodrum \u0130l\u00e7emizin Cevat \u015eakir Mahallesin ve di\u011fer b\u00f6lgelerde ya\u015fanan su kesintileri hakk\u0131nda a\u00e7\u0131klama yap\u0131lmas\u0131 gere\u011fi do\u011fmu\u015ftur&#8230;.<\/p>\n","protected":false},"author":1,"featured_media":66013,"comment_status":"open","ping_status":"open","sticky":false,"template":"","format":"standard","meta":{"_crdt_document":"","footnotes":""},"categories":[2],"tags":[],"class_list":["post-66012","post","type-post","status-publish","format-standard","has-post-thumbnail","hentry","category-saglik"],"_links":{"self":[{"href":"https:\/\/www.egemtv.com\/index.php?rest_route=\/wp\/v2\/posts\/66012","targetHints":{"allow":["GET"]}}],"collection":[{"href":"https:\/\/www.egemtv.com\/index.php?rest_route=\/wp\/v2\/posts"}],"about":[{"href":"https:\/\/www.egemtv.com\/index.php?rest_route=\/wp\/v2\/types\/post"}],"author":[{"embeddable":true,"href":"https:\/\/www.egemtv.com\/index.php?rest_route=\/wp\/v2\/users\/1"}],"replies":[{"embeddable":true,"href":"https:\/\/www.egemtv.com\/index.php?rest_route=%2Fwp%2Fv2%2Fcomments&post=66012"}],"version-history":[{"count":1,"href":"https:\/\/www.egemtv.com\/index.php?rest_route=\/wp\/v2\/posts\/66012\/revisions"}],"predecessor-version":[{"id":66014,"href":"https:\/\/www.egemtv.com\/index.php?rest_route=\/wp\/v2\/posts\/66012\/revisions\/66014"}],"wp:featuredmedia":[{"embeddable":true,"href":"https:\/\/www.egemtv.com\/index.php?rest_route=\/wp\/v2\/media\/66013"}],"wp:attachment":[{"href":"https:\/\/www.egemtv.com\/index.php?rest_route=%2Fwp%2Fv2%2Fmedia&parent=66012"}],"wp:term":[{"taxonomy":"category","embeddable":true,"href":"https:\/\/www.egemtv.com\/index.php?rest_route=%2Fwp%2Fv2%2Fcategories&post=66012"},{"taxonomy":"post_tag","embeddable":true,"href":"https:\/\/www.egemtv.com\/index.php?rest_route=%2Fwp%2Fv2%2Ftags&post=66012"}],"curies":[{"name":"wp","href":"https:\/\/api.w.org\/{rel}","templated":true}]}}