{"id":66009,"date":"2025-11-05T17:35:01","date_gmt":"2025-11-05T14:35:01","guid":{"rendered":"https:\/\/www.egemtv.com\/?p=66009"},"modified":"2025-11-05T17:35:02","modified_gmt":"2025-11-05T14:35:02","slug":"baskan-pehlivandan-cumhurbaskani-erdogana-incir-ikrami","status":"publish","type":"post","link":"https:\/\/www.egemtv.com\/?p=66009","title":{"rendered":"Ba\u015fkan Pehlivan\u2019dan Cumhurba\u015fkan\u0131 Erdo\u011fan\u2019a incir ikram\u0131"},"content":{"rendered":"<p>Menemen Belediye Ba\u015fkan\u0131 Ayd\u0131n Pehlivan ve beraberindeki heyet bir dizi program i\u00e7in Ankara\u2019ya gitti. Ziyaretinin ilk g\u00fcn\u00fcnde An\u0131tkabir\u2019i ziyaret eden Ba\u015fkan Pehlivan, ikinci g\u00fcnde Cumhurba\u015fkan\u0131 Recep Tayyip Erdo\u011fan\u2019a Bozalan inciri ikram etti. Pehlivan, &#8220;Say\u0131n Cumhurba\u015fkan\u0131m\u0131za daha \u00f6nce \u00e7ok be\u011fendi\u011fi Bozalan incirini ikram ederek hem\u015fehrilerimizin selamlar\u0131n\u0131 ilettik&#8221; dedi.<br \/>\n<br \/>Menemen Belediye Ba\u015fkan\u0131 Ayd\u0131n Pehlivan, ba\u015fkent Ankara\u2019da iki g\u00fcnl\u00fck dolu dolu bir programa imza att\u0131. Programa Menemen Belediye Meclis \u00dcyeleri ve AK Parti Menemen \u0130l\u00e7e Y\u00f6netimi de kat\u0131ld\u0131. Ba\u015fkan Ayd\u0131n Pehlivan ve beraberindeki heyetin ilk adresi, T\u00fcrkiye Cumhuriyeti\u2019nin kurucusu ve ilk Cumhurba\u015fkan\u0131 Gazi Mustafa Kemal Atat\u00fcrk\u2019\u00fcn ebedi istirahatgah\u0131 An\u0131tkabir oldu. An\u0131tkabir\u2019de heyet ile birlikte aslanl\u0131 yoldan y\u00fcr\u00fcyen Ba\u015fkan Pehlivan, Atat\u00fcrk\u2019\u00fcn mozolesine \u00e7i\u00e7ekler b\u0131rakt\u0131. Ziyarete ili\u015fkin a\u00e7\u0131klamada bulunan Ba\u015fkan Pehlivan, Cumhuriyetimizin kurucusu Gazi Mustafa Kemal Atat\u00fcrk\u2019e duydu\u011fumuz sayg\u0131 ve minnetle, aziz hat\u0131ras\u0131 \u00f6n\u00fcnde milletimiz ve Menemen\u2019imiz i\u00e7in \u00e7al\u0131\u015fmaya devam edece\u011fimize s\u00f6z verdik&#8221; ifadelerini kulland\u0131.<\/p>\n<p>Cumhurba\u015fkan\u0131 Erdo\u011fan\u2019a Bozalan inciri ikram\u0131<br \/>\n<br \/>Menemen Belediye Ba\u015fkan\u0131 Ayd\u0131n Pehlivan ve beraberindeki heyetin ikinci g\u00fcn adresi ise T\u00fcrkiye B\u00fcy\u00fck Millet Meclisi oldu. Burada AK Parti Grup Toplant\u0131s\u0131\u2019na kat\u0131lan Ba\u015fkan Pehlivan ve beraberindeki heyet Cumhurba\u015fkan\u0131 Recep Tayyip Erdo\u011fan\u2019\u0131n a\u00e7\u0131klamalar\u0131n\u0131 dinlerken, grup toplant\u0131s\u0131 sonundaysa salonda \u2018Menemen burada, Reisinin yan\u0131nda\u2019 sloganlar\u0131 yank\u0131land\u0131.<br \/>\n<br \/>TBMM ziyaretinin en \u00f6zel anlar\u0131 grup toplant\u0131s\u0131 sonunda ya\u015fand\u0131. Ba\u015fkan Pehlivan, T\u00fcrkiye y\u00fczy\u0131l\u0131n\u0131n mimar\u0131 Cumhurba\u015fkan\u0131 Recep Tayyip Erdo\u011fan\u2019a Menemen\u2019in bereketli topraklar\u0131nda yeti\u015fip \u00f6zenle kurutulmu\u015f olan Bozalan inciri ikram etti. Ba\u015fkan Pehlivan, &#8220;Say\u0131n Cumhurba\u015fkan\u0131m\u0131za il\u00e7emizin en \u00f6zel \u00fcr\u00fcnlerinden birini arma\u011fan etmekten dolay\u0131 onur duyduk. Menemen\u2019in birbirinden g\u00fczel \u00fcr\u00fcnlerini devletimizin en \u00fcst kademesine arma\u011fan etmek bizim i\u00e7in bir gururdur&#8221; ifadelerini kulland\u0131.<br \/>\n<br \/>Ba\u015fkan Pehlivan\u2019\u0131n son dura\u011f\u0131ysa AK Parti Genel Merkezi oldu. Pehlivan burada AK Parti Menemen \u0130l\u00e7e Ba\u015fkan\u0131 Hakk\u0131 Durmaz, il\u00e7e y\u00f6netimi ve belediye meclis \u00fcyeleri ile birlikte AK Parti Genel Sekreteri ve \u0130zmir Milletvekili Eyy\u00fcp Kadir \u0130nan\u2019\u0131 ziyaret etti.<br \/><\/p>\n","protected":false},"excerpt":{"rendered":"<p>Menemen Belediye Ba\u015fkan\u0131 Ayd\u0131n Pehlivan ve beraberindeki heyet bir dizi program i\u00e7in Ankara\u2019ya gitti. Ziyaretinin ilk g\u00fcn\u00fcnde An\u0131tkabir\u2019i ziyaret eden Ba\u015fkan Pehlivan, ikinci g\u00fcnde Cumhurba\u015fkan\u0131 Recep Tayyip Erdo\u011fan\u2019a Bozalan inciri ikram etti. Pehlivan, &#8220;Say\u0131n Cumhurba\u015fkan\u0131m\u0131za daha \u00f6nce \u00e7ok be\u011fendi\u011fi Bozalan incirini ikram ederek hem\u015fehrilerimizin selamlar\u0131n\u0131 ilettik&#8221; dedi. Menemen Belediye Ba\u015fkan\u0131 Ayd\u0131n Pehlivan, ba\u015fkent Ankara\u2019da iki&#8230;<\/p>\n","protected":false},"author":1,"featured_media":66010,"comment_status":"open","ping_status":"open","sticky":false,"template":"","format":"standard","meta":{"_crdt_document":"","footnotes":""},"categories":[1],"tags":[],"class_list":["post-66009","post","type-post","status-publish","format-standard","has-post-thumbnail","hentry","category-guncel"],"_links":{"self":[{"href":"https:\/\/www.egemtv.com\/index.php?rest_route=\/wp\/v2\/posts\/66009","targetHints":{"allow":["GET"]}}],"collection":[{"href":"https:\/\/www.egemtv.com\/index.php?rest_route=\/wp\/v2\/posts"}],"about":[{"href":"https:\/\/www.egemtv.com\/index.php?rest_route=\/wp\/v2\/types\/post"}],"author":[{"embeddable":true,"href":"https:\/\/www.egemtv.com\/index.php?rest_route=\/wp\/v2\/users\/1"}],"replies":[{"embeddable":true,"href":"https:\/\/www.egemtv.com\/index.php?rest_route=%2Fwp%2Fv2%2Fcomments&post=66009"}],"version-history":[{"count":1,"href":"https:\/\/www.egemtv.com\/index.php?rest_route=\/wp\/v2\/posts\/66009\/revisions"}],"predecessor-version":[{"id":66011,"href":"https:\/\/www.egemtv.com\/index.php?rest_route=\/wp\/v2\/posts\/66009\/revisions\/66011"}],"wp:featuredmedia":[{"embeddable":true,"href":"https:\/\/www.egemtv.com\/index.php?rest_route=\/wp\/v2\/media\/66010"}],"wp:attachment":[{"href":"https:\/\/www.egemtv.com\/index.php?rest_route=%2Fwp%2Fv2%2Fmedia&parent=66009"}],"wp:term":[{"taxonomy":"category","embeddable":true,"href":"https:\/\/www.egemtv.com\/index.php?rest_route=%2Fwp%2Fv2%2Fcategories&post=66009"},{"taxonomy":"post_tag","embeddable":true,"href":"https:\/\/www.egemtv.com\/index.php?rest_route=%2Fwp%2Fv2%2Ftags&post=66009"}],"curies":[{"name":"wp","href":"https:\/\/api.w.org\/{rel}","templated":true}]}}