{"id":65967,"date":"2025-11-05T14:35:08","date_gmt":"2025-11-05T11:35:08","guid":{"rendered":"https:\/\/www.egemtv.com\/?p=65967"},"modified":"2025-11-05T14:35:09","modified_gmt":"2025-11-05T11:35:09","slug":"cumhuriyetin-102-yili-mskude-sporla-kutlandi","status":"publish","type":"post","link":"https:\/\/www.egemtv.com\/?p=65967","title":{"rendered":"Cumhuriyet\u2019in 102. y\u0131l\u0131 MSK\u00dc\u2019de sporla kutland\u0131"},"content":{"rendered":"<p>MSK\u00dc Spor Bilimleri Fak\u00fcltesi 29 Ekim kutlamalar\u0131 kapsam\u0131nda d\u00fczenledi\u011fi spor m\u00fcsabakalar\u0131yla dolu dolu bir hafta ge\u00e7irdi. M\u00fcsabakalarda dereceye girenler madalyan\u0131n sahibi oldu.<br \/>\n<br \/>Mu\u011fla S\u0131tk\u0131 Ko\u00e7man \u00dcniversitesi (MSK\u00dc) Spor Bilimleri Fak\u00fcltesi taraf\u0131ndan 29 Ekim Cumhuriyetin 102. y\u0131l\u0131 kutlamalar\u0131 kapsam\u0131nda 20-28 Ekim tarihlerinde spor etkinlikleri d\u00fczenlendi.<br \/>\n<br \/>\u00d6\u011fretim G\u00f6revlisi Bahad\u0131r Altay \u00f6nc\u00fcl\u00fc\u011f\u00fcnce bisiklet turnuvas\u0131, Dr. \u00d6\u011fretim \u00dcyesi Mine M\u00fcft\u00fcler \u00f6nc\u00fcl\u00fc\u011f\u00fcnde do\u011fa y\u00fcr\u00fcy\u00fc\u015f\u00fc, \u00d6\u011fretim G\u00f6revlisi Zeynep Aydo\u011fan \u00f6nc\u00fcl\u00fc\u011f\u00fcnde masa tenisi, \u00d6\u011fretim G\u00f6revlisi Hatice Dilhun Sukan \u00f6nc\u00fcl\u00fc\u011f\u00fcnce pickleball, Prof. Dr. G\u00f6n\u00fcl Babayi\u011fit \u00f6nc\u00fcl\u00fc\u011f\u00fcnde oryantiring, Prof. Dr. Osman Mutlu \u00f6nc\u00fcl\u00fc\u011f\u00fcnde ise tenis m\u00fcsabakalar\u0131 yap\u0131ld\u0131.<br \/>\n<br \/>Etkinliklere \u00f6\u011frenciler ba\u015fta olmak \u00fczere akademik ve idari personel ile emekli \u00fcniversite \u00e7al\u0131\u015fanlar\u0131 da kat\u0131l\u0131m sa\u011flad\u0131.<br \/>\n<br \/>M\u00fcsabakalar\u0131n sona ermesiyle Spor Bilimleri Fak\u00fcltesinde \u00f6d\u00fcl t\u00f6reni d\u00fczenlendi. Dereceye giren sporculara \u00f6d\u00fclleri Spor Bilimleri Fak\u00fcltesi Dekan\u0131 Prof. Dr. \u00d6zcan Sayg\u0131n, Dekan Yard\u0131mc\u0131lar\u0131, B\u00f6l\u00fcm Ba\u015fkanlar\u0131 ve \u00d6\u011fretim Elemanlar\u0131 taraf\u0131ndan verildi.<br \/><\/p>\n","protected":false},"excerpt":{"rendered":"<p>MSK\u00dc Spor Bilimleri Fak\u00fcltesi 29 Ekim kutlamalar\u0131 kapsam\u0131nda d\u00fczenledi\u011fi spor m\u00fcsabakalar\u0131yla dolu dolu bir hafta ge\u00e7irdi. M\u00fcsabakalarda dereceye girenler madalyan\u0131n sahibi oldu. Mu\u011fla S\u0131tk\u0131 Ko\u00e7man \u00dcniversitesi (MSK\u00dc) Spor Bilimleri Fak\u00fcltesi taraf\u0131ndan 29 Ekim Cumhuriyetin 102. y\u0131l\u0131 kutlamalar\u0131 kapsam\u0131nda 20-28 Ekim tarihlerinde spor etkinlikleri d\u00fczenlendi. \u00d6\u011fretim G\u00f6revlisi Bahad\u0131r Altay \u00f6nc\u00fcl\u00fc\u011f\u00fcnce bisiklet turnuvas\u0131, Dr. \u00d6\u011fretim \u00dcyesi Mine&#8230;<\/p>\n","protected":false},"author":1,"featured_media":65968,"comment_status":"open","ping_status":"open","sticky":false,"template":"","format":"standard","meta":{"_crdt_document":"","footnotes":""},"categories":[4],"tags":[],"class_list":["post-65967","post","type-post","status-publish","format-standard","has-post-thumbnail","hentry","category-spor"],"_links":{"self":[{"href":"https:\/\/www.egemtv.com\/index.php?rest_route=\/wp\/v2\/posts\/65967","targetHints":{"allow":["GET"]}}],"collection":[{"href":"https:\/\/www.egemtv.com\/index.php?rest_route=\/wp\/v2\/posts"}],"about":[{"href":"https:\/\/www.egemtv.com\/index.php?rest_route=\/wp\/v2\/types\/post"}],"author":[{"embeddable":true,"href":"https:\/\/www.egemtv.com\/index.php?rest_route=\/wp\/v2\/users\/1"}],"replies":[{"embeddable":true,"href":"https:\/\/www.egemtv.com\/index.php?rest_route=%2Fwp%2Fv2%2Fcomments&post=65967"}],"version-history":[{"count":1,"href":"https:\/\/www.egemtv.com\/index.php?rest_route=\/wp\/v2\/posts\/65967\/revisions"}],"predecessor-version":[{"id":65969,"href":"https:\/\/www.egemtv.com\/index.php?rest_route=\/wp\/v2\/posts\/65967\/revisions\/65969"}],"wp:featuredmedia":[{"embeddable":true,"href":"https:\/\/www.egemtv.com\/index.php?rest_route=\/wp\/v2\/media\/65968"}],"wp:attachment":[{"href":"https:\/\/www.egemtv.com\/index.php?rest_route=%2Fwp%2Fv2%2Fmedia&parent=65967"}],"wp:term":[{"taxonomy":"category","embeddable":true,"href":"https:\/\/www.egemtv.com\/index.php?rest_route=%2Fwp%2Fv2%2Fcategories&post=65967"},{"taxonomy":"post_tag","embeddable":true,"href":"https:\/\/www.egemtv.com\/index.php?rest_route=%2Fwp%2Fv2%2Ftags&post=65967"}],"curies":[{"name":"wp","href":"https:\/\/api.w.org\/{rel}","templated":true}]}}