{"id":65964,"date":"2025-11-05T14:35:07","date_gmt":"2025-11-05T11:35:07","guid":{"rendered":"https:\/\/www.egemtv.com\/?p=65964"},"modified":"2025-11-05T14:35:08","modified_gmt":"2025-11-05T11:35:08","slug":"baskan-basdegirmen-takimimizin-basarili-olacagina-yurekten-inaniyorum","status":"publish","type":"post","link":"https:\/\/www.egemtv.com\/?p=65964","title":{"rendered":"Ba\u015fkan Ba\u015fde\u011firmen: &#8220;Tak\u0131m\u0131m\u0131z\u0131n ba\u015far\u0131l\u0131 olaca\u011f\u0131na y\u00fcrekten inan\u0131yorum&#8221;"},"content":{"rendered":"<p>Isparta Belediye Ba\u015fkan\u0131 \u015e\u00fckr\u00fc Ba\u015fde\u011firmen, ISBA\u015e Isparta 32 Spor Ba\u015fkan\u0131 G\u00fcltekin \u00d6zdemir ve y\u00f6netimi, Teknik Direkt\u00f6r \u015eaban Y\u0131ld\u0131r\u0131m, teknik heyet ve futbolcularla bir araya geldi. Ba\u015fkan Ba\u015fde\u011firmen, tak\u0131m\u0131n bu sezon ba\u015far\u0131ya ula\u015faca\u011f\u0131na inand\u0131klar\u0131n\u0131 belirtirken, \u015eaban Y\u0131ld\u0131r\u0131m ve Kaptan \u0130\u00e7er de Ba\u015fkan Ba\u015fde\u011firmen\u2019in desteklerini hissettiklerini, bunun da tak\u0131m i\u00e7in itici bir g\u00fc\u00e7 oldu\u011funu s\u00f6yledi.<br \/>\n<br \/>Isparta Belediye Ba\u015fkan\u0131 \u015e\u00fckr\u00fc Ba\u015fde\u011firmen, TFF 2. Lig\u2019de m\u00fccadele eden ISBA\u015e Isparta 32 Sporlularla bir araya geldi. Ba\u015fkan Ba\u015fde\u011firmen; Isparta 32 Spor Ba\u015fkan\u0131 G\u00fcltekin \u00d6zdemir ve y\u00f6netimi, Teknik Direkt\u00f6r \u015eaban Y\u0131ld\u0131r\u0131m, teknik ekip ve futbolcularla sohbet etti. Bezirgan Sufras\u0131\u2019ndaki bulu\u015fmada Ba\u015fde\u011firmen, Isparta 32 Sporlu futbolcular\u0131 son ma\u00e7ta Ankara Demirspor kar\u015f\u0131s\u0131nda ald\u0131klar\u0131 4-0\u2019l\u0131k skor i\u00e7in kutlarken, \u015fu anda tak\u0131m\u0131n ligde 5. s\u0131rada oldu\u011funu ancak lig bitiminde sezonu daha \u00fcst s\u0131ralarda tamamlanacaklar\u0131na inand\u0131klar\u0131n\u0131 vurgulad\u0131.<\/p>\n<p>Kamil \u0130\u00e7er: &#8220;Deste\u011finizi hissediyoruz&#8221;<br \/>\n<br \/>Programda ilk olarak s\u00f6z alan Isparta 32 Spor Kaptan\u0131 Kamil \u0130\u00e7er, Belediye Ba\u015fkan\u0131 \u015e\u00fckr\u00fc Ba\u015fde\u011firmen\u2019e tak\u0131ma verdi\u011fi desteklerden dolay\u0131 te\u015fekk\u00fcr ederek, &#8220;Ba\u015fkan\u0131m sizlerin \u00f6nderli\u011finde hedefe kurulmu\u015f bir tak\u0131m\u0131z. Hedefe giderken sizin bize deste\u011finiz \u00e7ok \u00f6nemli. Bu deste\u011finizi hissediyoruz ve bize itici g\u00fc\u00e7 oluyor. Sezon sonuna kadar deste\u011finizi bekliyoruz. Te\u015fekk\u00fcr ediyoruz&#8221; dedi.<br \/>\n<br \/>Isparta 32 Spor Teknik Direkt\u00f6r\u00fc \u015eaban Y\u0131ld\u0131r\u0131m ise \u015fampiyonluk yolunda \u015e\u00fckr\u00fc Ba\u015fde\u011firmen\u2019in yanlar\u0131nda olmas\u0131n\u0131n \u00e7ok \u00f6nemli oldu\u011funu belirterek, te\u015fekk\u00fcr etti.<\/p>\n<p>G\u00fcltekin \u00d6zdemir: &#8220;Ba\u015fkan\u0131m\u0131z maddi ve manevi olarak her t\u00fcrl\u00fc deste\u011fi veriyor&#8221;<br \/>\n<br \/>Isparta 32 Spor Ba\u015fkan\u0131 G\u00fcltekin \u00d6zdemir de tak\u0131mla bir araya gelen \u015e\u00fckr\u00fc Ba\u015fde\u011firmen\u2019e te\u015fekk\u00fcr etti. Ba\u015fkan Ba\u015fde\u011firmen\u2019in tak\u0131ma verdi\u011fi deste\u011fin herkes taraf\u0131ndan bilindi\u011fini dile getiren \u00d6zdemir, &#8220;Ba\u015fkan\u0131m\u0131z maddi ve manevi olarak her t\u00fcrl\u00fc deste\u011fi veriyor. B\u00f6yle bir gecede bizi onurland\u0131rd\u0131\u011f\u0131 i\u00e7in \u00e7ok te\u015fekk\u00fcr ediyoruz. Tak\u0131m\u0131m\u0131z\u0131n bulundu\u011fu yerde olmas\u0131n\u0131n en b\u00fcy\u00fck nedeni \u015e\u00fckr\u00fc ba\u015fkan\u0131m\u0131zd\u0131r. Ba\u015fkan\u0131m\u0131za te\u015fekk\u00fcr ediyorum&#8221; ifadelerini kulland\u0131.<\/p>\n<p>\u015e\u00fckr\u00fc Ba\u015fde\u011firmen: &#8220;\u015eampiyon olaca\u011f\u0131n\u0131za inan\u0131yorum&#8221;<br \/>\n<br \/>G\u00f6reve yeni ba\u015flayan Teknik Direkt\u00f6r \u015eaban Y\u0131ld\u0131r\u0131m ve ekibine ba\u015far\u0131 dileklerini ileterek s\u00f6zlerine ba\u015flayan Belediye Ba\u015fkan\u0131 \u015e\u00fckr\u00fc Ba\u015fde\u011firmen, Adana Demirspor ma\u00e7\u0131nda al\u0131nan 4-0\u2019l\u0131k galibiyetin kendilerini \u00e7ok memnun etti\u011fini s\u00f6yledi. Tak\u0131m\u0131n gayretlerini g\u00f6rd\u00fcklerine i\u015faret eden Ba\u015fde\u011firmen, tak\u0131m\u0131n \u015fampiyon olaca\u011f\u0131na inand\u0131\u011f\u0131n\u0131 s\u00f6yledi. \u015eampiyon olunmamas\u0131 durumunda hedefin play-off oldu\u011funu dile getiren Ba\u015fkan Ba\u015fde\u011firmen, &#8220;Bizler her zaman sizlerin yan\u0131nda olarak destek vermeye \u00e7al\u0131\u015f\u0131yoruz. Arkada\u015flar\u0131m\u0131z \u2019Ba\u015fkan\u0131m\u0131z olmazsa biz olamay\u0131z\u2019 diyorlar. B\u00f6yle bir \u015fey yok. Her \u015fey para de\u011fil. Baz\u0131 tak\u0131mlar 3-4 kat\u0131 para harcamas\u0131na ra\u011fmen istedikleri yerde olam\u0131yorlar. Paradan \u00f6te bu i\u015fin g\u00f6n\u00fclden yap\u0131lma iste\u011fi \u00f6nemli. Isparta\u2019da oynad\u0131\u011f\u0131n\u0131z s\u00fcrece Isparta i\u00e7in m\u00fccadele etti\u011finizi biliyoruz. Bu oldu\u011fu zaman para ikinci planda. Hocam\u0131z ve ekibinin gayretini g\u00f6r\u00fcyoruz, futbolcular\u0131m\u0131z da m\u00fccadele veriyor. Ama hakk\u0131 yenmeyecek olan da y\u00f6netim. Yakla\u015f\u0131k 5-6 y\u0131ld\u0131r beraber \u00e7al\u0131\u015f\u0131yoruz. Nerede ma\u00e7 var \u00f6rne\u011fin Mardin\u2019de, y\u00f6neticilerimiz Mardin\u2019de. T\u00fcrkiye\u2019nin neresinde hangi ma\u00e7 olursa olsun y\u00f6netim yan\u0131n\u0131zda oluyor, tak\u0131ma g\u00fc\u00e7 veriyor. Prim verilmesi gerekti\u011finde hemen kendi aralar\u0131nda birle\u015fiyorlar ve onu sa\u011fl\u0131yorlar. Prim de mutlulu\u011fu payla\u015fmakt\u0131r. Allah nasip etsin bu birlik ve beraberli\u011fimiz, ba\u015far\u0131lar\u0131m\u0131z devam etsin. Sezon sonunda en iyi yerde ligi bitirmek nasip olsun. 12. adam \u00e7ok \u00f6nemlidir. Onlar da sizi yaln\u0131z b\u0131rakm\u0131yor. Taraftar grubu ba\u015fkan\u0131 biraz \u00f6nce cep telefonundan bir mesaj att\u0131. Saham\u0131zdaki ilk ma\u00e7\u0131n kad\u0131n ve \u00e7ocuklara \u00fccretsiz olmas\u0131n\u0131 istiyorlar. Ayr\u0131ca bu ma\u00e7 i\u00e7in 100-200 TL olmas\u0131n\u0131 istiyorlar. Ben el\u00e7iyim. Y\u00f6netim bir fiyat tarifesi belirledi ama daha \u00e7ok seyirci gelsin istiyorlar. Hepinize te\u015fekk\u00fcr ediyorum&#8221; ifadelerinde bulundu.<br \/>\n<br \/>Program\u0131n sonunda G\u00fcltekin \u00d6zdemir ve y\u00f6netimi taraf\u0131ndan Belediye Ba\u015fkan\u0131 \u015e\u00fckr\u00fc Ba\u015fde\u011firmen\u2019e Isparta32 Spor formas\u0131 hediye edildi.<br \/><\/p>\n","protected":false},"excerpt":{"rendered":"<p>Isparta Belediye Ba\u015fkan\u0131 \u015e\u00fckr\u00fc Ba\u015fde\u011firmen, ISBA\u015e Isparta 32 Spor Ba\u015fkan\u0131 G\u00fcltekin \u00d6zdemir ve y\u00f6netimi, Teknik Direkt\u00f6r \u015eaban Y\u0131ld\u0131r\u0131m, teknik heyet ve futbolcularla bir araya geldi. Ba\u015fkan Ba\u015fde\u011firmen, tak\u0131m\u0131n bu sezon ba\u015far\u0131ya ula\u015faca\u011f\u0131na inand\u0131klar\u0131n\u0131 belirtirken, \u015eaban Y\u0131ld\u0131r\u0131m ve Kaptan \u0130\u00e7er de Ba\u015fkan Ba\u015fde\u011firmen\u2019in desteklerini hissettiklerini, bunun da tak\u0131m i\u00e7in itici bir g\u00fc\u00e7 oldu\u011funu s\u00f6yledi. Isparta Belediye&#8230;<\/p>\n","protected":false},"author":1,"featured_media":65965,"comment_status":"open","ping_status":"open","sticky":false,"template":"","format":"standard","meta":{"_crdt_document":"","footnotes":""},"categories":[4],"tags":[],"class_list":["post-65964","post","type-post","status-publish","format-standard","has-post-thumbnail","hentry","category-spor"],"_links":{"self":[{"href":"https:\/\/www.egemtv.com\/index.php?rest_route=\/wp\/v2\/posts\/65964","targetHints":{"allow":["GET"]}}],"collection":[{"href":"https:\/\/www.egemtv.com\/index.php?rest_route=\/wp\/v2\/posts"}],"about":[{"href":"https:\/\/www.egemtv.com\/index.php?rest_route=\/wp\/v2\/types\/post"}],"author":[{"embeddable":true,"href":"https:\/\/www.egemtv.com\/index.php?rest_route=\/wp\/v2\/users\/1"}],"replies":[{"embeddable":true,"href":"https:\/\/www.egemtv.com\/index.php?rest_route=%2Fwp%2Fv2%2Fcomments&post=65964"}],"version-history":[{"count":1,"href":"https:\/\/www.egemtv.com\/index.php?rest_route=\/wp\/v2\/posts\/65964\/revisions"}],"predecessor-version":[{"id":65966,"href":"https:\/\/www.egemtv.com\/index.php?rest_route=\/wp\/v2\/posts\/65964\/revisions\/65966"}],"wp:featuredmedia":[{"embeddable":true,"href":"https:\/\/www.egemtv.com\/index.php?rest_route=\/wp\/v2\/media\/65965"}],"wp:attachment":[{"href":"https:\/\/www.egemtv.com\/index.php?rest_route=%2Fwp%2Fv2%2Fmedia&parent=65964"}],"wp:term":[{"taxonomy":"category","embeddable":true,"href":"https:\/\/www.egemtv.com\/index.php?rest_route=%2Fwp%2Fv2%2Fcategories&post=65964"},{"taxonomy":"post_tag","embeddable":true,"href":"https:\/\/www.egemtv.com\/index.php?rest_route=%2Fwp%2Fv2%2Ftags&post=65964"}],"curies":[{"name":"wp","href":"https:\/\/api.w.org\/{rel}","templated":true}]}}