{"id":65961,"date":"2025-11-05T14:35:05","date_gmt":"2025-11-05T11:35:05","guid":{"rendered":"https:\/\/www.egemtv.com\/?p=65961"},"modified":"2025-11-05T14:35:06","modified_gmt":"2025-11-05T11:35:06","slug":"miniklere-kahkaha-ve-kultur-soleni","status":"publish","type":"post","link":"https:\/\/www.egemtv.com\/?p=65961","title":{"rendered":"Miniklere kahkaha ve k\u00fclt\u00fcr \u015f\u00f6leni"},"content":{"rendered":"<p>Yunusemre Belediyesi\u2019nin okullarda d\u00fczenledi\u011fi geleneksel kukla g\u00f6sterisi, m\u00fczik ve sihirbazl\u0131k performanslar\u0131, \u00e7ocuklara hem e\u011flenceli anlar ya\u015fat\u0131yor hem de k\u00fclt\u00fcrlerini \u00f6\u011frenme f\u0131rsat\u0131 sunuyor.<br \/>\n<br \/>Yunusemre Belediyesi, k\u00fclt\u00fcr ve sanat etkinlikleri kapsam\u0131nda ilkokul \u00f6\u011frencilerini geleneksel kukla sanat\u0131yla bulu\u015fturuyor. M\u00fcseyip G\u00fclen taraf\u0131ndan sahnelenen &#8220;Kukla \u00c7illi&#8221; g\u00f6sterisi, \u00e7ocuklara hem e\u011flenceli hem de \u00f6\u011fretici anlar ya\u015fat\u0131yor.<br \/>\n<br \/>\u0130l\u00e7ede unutulmaya y\u00fcz tutan kukla k\u00fclt\u00fcr\u00fcn\u00fc gelecek nesillere aktarmay\u0131 ama\u00e7layan Yunusemre Belediyesi, ilkokullarda d\u00fczenledi\u011fi etkinliklerle \u00f6\u011frencilerden tam not al\u0131yor. M\u00fcseyip G\u00fclen\u2019in sahneledi\u011fi Kukla \u00c7illi karakteri, \u00e7ocuklarla \u015fark\u0131lar s\u00f6yleyip sohbet ediyor, izleyicilere keyifli dakikalar sunuyor.<br \/>\n<br \/>G\u00f6sterinin en \u00e7ok ilgi g\u00f6ren b\u00f6l\u00fcmlerinden biri olan sihirbazl\u0131k performans\u0131 ise minik izleyicilerin b\u00fcy\u00fck be\u011fenisini topluyor. Program kapsam\u0131nda il\u00e7e genelindeki t\u00fcm ilkokullar\u0131n ziyaret edilmesi planlan\u0131yor.<br \/>\n<br \/>Belediye yetkilileri, geleneksel sanatlar\u0131n ya\u015fat\u0131lmas\u0131 ve \u00e7ocuklar\u0131n k\u00fclt\u00fcrel geli\u015fimine katk\u0131 sunulmas\u0131 amac\u0131yla benzer etkinliklere devam edeceklerini belirtti.<br \/><\/p>\n","protected":false},"excerpt":{"rendered":"<p>Yunusemre Belediyesi\u2019nin okullarda d\u00fczenledi\u011fi geleneksel kukla g\u00f6sterisi, m\u00fczik ve sihirbazl\u0131k performanslar\u0131, \u00e7ocuklara hem e\u011flenceli anlar ya\u015fat\u0131yor hem de k\u00fclt\u00fcrlerini \u00f6\u011frenme f\u0131rsat\u0131 sunuyor. Yunusemre Belediyesi, k\u00fclt\u00fcr ve sanat etkinlikleri kapsam\u0131nda ilkokul \u00f6\u011frencilerini geleneksel kukla sanat\u0131yla bulu\u015fturuyor. M\u00fcseyip G\u00fclen taraf\u0131ndan sahnelenen &#8220;Kukla \u00c7illi&#8221; g\u00f6sterisi, \u00e7ocuklara hem e\u011flenceli hem de \u00f6\u011fretici anlar ya\u015fat\u0131yor. \u0130l\u00e7ede unutulmaya y\u00fcz tutan kukla&#8230;<\/p>\n","protected":false},"author":1,"featured_media":65962,"comment_status":"open","ping_status":"open","sticky":false,"template":"","format":"standard","meta":{"_crdt_document":"","footnotes":""},"categories":[1],"tags":[],"class_list":["post-65961","post","type-post","status-publish","format-standard","has-post-thumbnail","hentry","category-guncel"],"_links":{"self":[{"href":"https:\/\/www.egemtv.com\/index.php?rest_route=\/wp\/v2\/posts\/65961","targetHints":{"allow":["GET"]}}],"collection":[{"href":"https:\/\/www.egemtv.com\/index.php?rest_route=\/wp\/v2\/posts"}],"about":[{"href":"https:\/\/www.egemtv.com\/index.php?rest_route=\/wp\/v2\/types\/post"}],"author":[{"embeddable":true,"href":"https:\/\/www.egemtv.com\/index.php?rest_route=\/wp\/v2\/users\/1"}],"replies":[{"embeddable":true,"href":"https:\/\/www.egemtv.com\/index.php?rest_route=%2Fwp%2Fv2%2Fcomments&post=65961"}],"version-history":[{"count":1,"href":"https:\/\/www.egemtv.com\/index.php?rest_route=\/wp\/v2\/posts\/65961\/revisions"}],"predecessor-version":[{"id":65963,"href":"https:\/\/www.egemtv.com\/index.php?rest_route=\/wp\/v2\/posts\/65961\/revisions\/65963"}],"wp:featuredmedia":[{"embeddable":true,"href":"https:\/\/www.egemtv.com\/index.php?rest_route=\/wp\/v2\/media\/65962"}],"wp:attachment":[{"href":"https:\/\/www.egemtv.com\/index.php?rest_route=%2Fwp%2Fv2%2Fmedia&parent=65961"}],"wp:term":[{"taxonomy":"category","embeddable":true,"href":"https:\/\/www.egemtv.com\/index.php?rest_route=%2Fwp%2Fv2%2Fcategories&post=65961"},{"taxonomy":"post_tag","embeddable":true,"href":"https:\/\/www.egemtv.com\/index.php?rest_route=%2Fwp%2Fv2%2Ftags&post=65961"}],"curies":[{"name":"wp","href":"https:\/\/api.w.org\/{rel}","templated":true}]}}