{"id":65958,"date":"2025-11-05T14:35:03","date_gmt":"2025-11-05T11:35:03","guid":{"rendered":"https:\/\/www.egemtv.com\/?p=65958"},"modified":"2025-11-05T14:35:04","modified_gmt":"2025-11-05T11:35:04","slug":"mugla-londra-turizm-fuarinda-tanitildi","status":"publish","type":"post","link":"https:\/\/www.egemtv.com\/?p=65958","title":{"rendered":"Mu\u011fla, Londra turizm fuar\u0131nda tan\u0131t\u0131ld\u0131"},"content":{"rendered":"<p>Mu\u011fla B\u00fcy\u00fck\u015fehir Belediyesi, 4-6 Kas\u0131m 2025 tarihleri aras\u0131nda Londra Excel Fuar Merkezinde d\u00fczenlenen World Travel Market London 2025\u2019e kat\u0131larak kentin do\u011fal, k\u00fclt\u00fcrel ve turistik de\u011ferlerini d\u00fcnyaya tan\u0131tt\u0131.<br \/>\n<br \/>D\u00fcnyan\u0131n en prestijli turizm fuarlar\u0131ndan biri olarak kabul edilen WTM Londra, her y\u0131l binlerce sekt\u00f6r temsilcisini bir araya getiriyor. Bu y\u0131lki fuarda T\u00fcrkiye stand\u0131nda yer alan Mu\u011fla B\u00fcy\u00fck\u015fehir Belediyesi, \u2018D\u00fcnya Kenti Mu\u011fla\u2019 vizyonuyla b\u00f6lgenin turizm potansiyelini, s\u00fcrd\u00fcr\u00fclebilirlik \u00e7al\u0131\u015fmalar\u0131n\u0131 ve uluslararas\u0131 i\u015f birli\u011fi f\u0131rsatlar\u0131n\u0131 tan\u0131tt\u0131.<br \/>\n<br \/>Mu\u011fla, WTM Londra\u2019da d\u00fcnya turizm sahnesindeki yerini g\u00fc\u00e7lendirdi<br \/>\n<br \/>Fuar\u0131 T\u00fcrkiye\u2019nin Londra B\u00fcy\u00fckel\u00e7isi Osman Koray Erta\u015f, K\u00fclt\u00fcr ve Turizm Bakan\u0131 Mehmet Nuri Ersoy ve Enfield Belediye Ba\u015fkan\u0131 Suna Hurman ziyaret ederek Mu\u011fla heyetiyle bir araya geldi. Ziyaretler, Mu\u011fla\u2019n\u0131n uluslararas\u0131 d\u00fczeyde tan\u0131n\u0131rl\u0131\u011f\u0131n\u0131 art\u0131r\u0131rken yerel y\u00f6netimlerin uluslararas\u0131 turizm a\u011flar\u0131ndaki konumunu da g\u00fc\u00e7lendirdi.<br \/>\n<br \/>T\u00fcrkiye\u2019nin en \u00f6nemli turizm destinasyonlar\u0131 aras\u0131nda yer alan 13 il\u00e7esiyle 2024 y\u0131l\u0131nda yakla\u015f\u0131k 3,7 milyon yabanc\u0131 turisti a\u011f\u0131rlad\u0131.<br \/>\n<br \/>&#8220;Mu\u011fla, s\u00fcrd\u00fcr\u00fclebilir turizmin \u00f6nc\u00fcs\u00fc olacak&#8221;<br \/>\n<br \/>K\u0131y\u0131 Ege Belediyeler Birli\u011fi ve Mu\u011fla B\u00fcy\u00fck\u015fehir Belediye Ba\u015fkan\u0131 Ahmet Aras, fuara ili\u015fkin de\u011ferlendirmesinde \u015fu ifadeleri kulland\u0131:<br \/>\n<br \/>&#8220;Mu\u011fla, sahip oldu\u011fu do\u011fal g\u00fczellikler, tarihi miras ve k\u00fclt\u00fcrel \u00e7e\u015fitlilikle d\u00fcnyan\u0131n en \u00f6zel co\u011frafyalar\u0131ndan biri. Ancak biz, sadece bu g\u00fczellikleri tan\u0131tmakla kalm\u0131yor; s\u00fcrd\u00fcr\u00fclebilir turizmi, \u00e7evre koruma ve yerel kalk\u0131nma odakl\u0131 bir yakla\u015f\u0131m\u0131 da d\u00fcnyaya anlat\u0131yoruz. World Travel Market Londra, bu vizyonu uluslararas\u0131 alanda payla\u015fmak ve yeni i\u015f birlikleri geli\u015ftirmek a\u00e7\u0131s\u0131ndan b\u00fcy\u00fck \u00f6nem ta\u015f\u0131yor. Mu\u011fla art\u0131k sadece bir tatil destinasyonu de\u011fil, ayn\u0131 zamanda \u00e7evre, k\u00fclt\u00fcr, altyap\u0131 ve uluslararas\u0131 ili\u015fkilerde \u00f6rnek bir \u015fehir. Bu vizyon, 13 il\u00e7emizin tamam\u0131n\u0131 kapsayan b\u00fct\u00fcnc\u00fcl bir kalk\u0131nma anlay\u0131\u015f\u0131yla hayata ge\u00e7iriliyor. Mu\u011fla, 13 il\u00e7esiyle birlikte d\u00fcnyan\u0131n g\u00f6zde turistik merkezlerinden biri olman\u0131n yan\u0131 s\u0131ra, s\u00fcrd\u00fcr\u00fclebilir turizm ve \u00e7evreye duyarl\u0131 yerel kalk\u0131nma vizyonuyla da fark olu\u015fturuyor&#8221; dedi.<br \/><\/p>\n","protected":false},"excerpt":{"rendered":"<p>Mu\u011fla B\u00fcy\u00fck\u015fehir Belediyesi, 4-6 Kas\u0131m 2025 tarihleri aras\u0131nda Londra Excel Fuar Merkezinde d\u00fczenlenen World Travel Market London 2025\u2019e kat\u0131larak kentin do\u011fal, k\u00fclt\u00fcrel ve turistik de\u011ferlerini d\u00fcnyaya tan\u0131tt\u0131. D\u00fcnyan\u0131n en prestijli turizm fuarlar\u0131ndan biri olarak kabul edilen WTM Londra, her y\u0131l binlerce sekt\u00f6r temsilcisini bir araya getiriyor. Bu y\u0131lki fuarda T\u00fcrkiye stand\u0131nda yer alan Mu\u011fla B\u00fcy\u00fck\u015fehir&#8230;<\/p>\n","protected":false},"author":1,"featured_media":65959,"comment_status":"open","ping_status":"open","sticky":false,"template":"","format":"standard","meta":{"_crdt_document":"","footnotes":""},"categories":[1],"tags":[],"class_list":["post-65958","post","type-post","status-publish","format-standard","has-post-thumbnail","hentry","category-guncel"],"_links":{"self":[{"href":"https:\/\/www.egemtv.com\/index.php?rest_route=\/wp\/v2\/posts\/65958","targetHints":{"allow":["GET"]}}],"collection":[{"href":"https:\/\/www.egemtv.com\/index.php?rest_route=\/wp\/v2\/posts"}],"about":[{"href":"https:\/\/www.egemtv.com\/index.php?rest_route=\/wp\/v2\/types\/post"}],"author":[{"embeddable":true,"href":"https:\/\/www.egemtv.com\/index.php?rest_route=\/wp\/v2\/users\/1"}],"replies":[{"embeddable":true,"href":"https:\/\/www.egemtv.com\/index.php?rest_route=%2Fwp%2Fv2%2Fcomments&post=65958"}],"version-history":[{"count":1,"href":"https:\/\/www.egemtv.com\/index.php?rest_route=\/wp\/v2\/posts\/65958\/revisions"}],"predecessor-version":[{"id":65960,"href":"https:\/\/www.egemtv.com\/index.php?rest_route=\/wp\/v2\/posts\/65958\/revisions\/65960"}],"wp:featuredmedia":[{"embeddable":true,"href":"https:\/\/www.egemtv.com\/index.php?rest_route=\/wp\/v2\/media\/65959"}],"wp:attachment":[{"href":"https:\/\/www.egemtv.com\/index.php?rest_route=%2Fwp%2Fv2%2Fmedia&parent=65958"}],"wp:term":[{"taxonomy":"category","embeddable":true,"href":"https:\/\/www.egemtv.com\/index.php?rest_route=%2Fwp%2Fv2%2Fcategories&post=65958"},{"taxonomy":"post_tag","embeddable":true,"href":"https:\/\/www.egemtv.com\/index.php?rest_route=%2Fwp%2Fv2%2Ftags&post=65958"}],"curies":[{"name":"wp","href":"https:\/\/api.w.org\/{rel}","templated":true}]}}