{"id":65940,"date":"2025-11-05T13:34:51","date_gmt":"2025-11-05T10:34:51","guid":{"rendered":"https:\/\/www.egemtv.com\/?p=65940"},"modified":"2025-11-05T13:34:52","modified_gmt":"2025-11-05T10:34:52","slug":"vali-isin-ve-bakan-danismani-karaca-hayvan-barinaklarini-inceledi","status":"publish","type":"post","link":"https:\/\/www.egemtv.com\/?p=65940","title":{"rendered":"Vali I\u015f\u0131n ve Bakan Dan\u0131\u015fman\u0131 Karaca, hayvan bar\u0131naklar\u0131n\u0131 inceledi"},"content":{"rendered":"<p>K\u00fctahya Vali Musa I\u015f\u0131n, \u0130\u00e7i\u015fleri Bakan Dan\u0131\u015fman\u0131 Ahmet Yavuz Karaca ile birlikte K\u00fctahya\u2019daki hayvan bar\u0131naklar\u0131nda incelemelerde bulundu.<br \/>\n<br \/>Ziyaret kapsam\u0131nda, \u0130shakseydi Mahallesi Hayvan Bar\u0131na\u011f\u0131 ile yap\u0131m\u0131 devam eden Tav\u015fanl\u0131 Hayvan Bar\u0131na\u011f\u0131 gezilerek, bar\u0131naklardaki mevcut durum, bak\u0131m ve rehabilitasyon alanlar\u0131, yeni tesislerin ilerleme s\u00fcreci hakk\u0131nda yetkililerden bilgi al\u0131nd\u0131. \u0130ncelemelere il protokol\u00fc \u00fcyeleri ve ilgili kurum m\u00fcd\u00fcrleri de kat\u0131ld\u0131. Ziyaret, tesis alanlar\u0131n\u0131n gezilmesi ve yap\u0131lan de\u011ferlendirmelerin ard\u0131ndan sona erdi.<br \/><\/p>\n","protected":false},"excerpt":{"rendered":"<p>K\u00fctahya Vali Musa I\u015f\u0131n, \u0130\u00e7i\u015fleri Bakan Dan\u0131\u015fman\u0131 Ahmet Yavuz Karaca ile birlikte K\u00fctahya\u2019daki hayvan bar\u0131naklar\u0131nda incelemelerde bulundu. Ziyaret kapsam\u0131nda, \u0130shakseydi Mahallesi Hayvan Bar\u0131na\u011f\u0131 ile yap\u0131m\u0131 devam eden Tav\u015fanl\u0131 Hayvan Bar\u0131na\u011f\u0131 gezilerek, bar\u0131naklardaki mevcut durum, bak\u0131m ve rehabilitasyon alanlar\u0131, yeni tesislerin ilerleme s\u00fcreci hakk\u0131nda yetkililerden bilgi al\u0131nd\u0131. \u0130ncelemelere il protokol\u00fc \u00fcyeleri ve ilgili kurum m\u00fcd\u00fcrleri de&#8230;<\/p>\n","protected":false},"author":1,"featured_media":65941,"comment_status":"open","ping_status":"open","sticky":false,"template":"","format":"standard","meta":{"_crdt_document":"","footnotes":""},"categories":[1],"tags":[],"class_list":["post-65940","post","type-post","status-publish","format-standard","has-post-thumbnail","hentry","category-guncel"],"_links":{"self":[{"href":"https:\/\/www.egemtv.com\/index.php?rest_route=\/wp\/v2\/posts\/65940","targetHints":{"allow":["GET"]}}],"collection":[{"href":"https:\/\/www.egemtv.com\/index.php?rest_route=\/wp\/v2\/posts"}],"about":[{"href":"https:\/\/www.egemtv.com\/index.php?rest_route=\/wp\/v2\/types\/post"}],"author":[{"embeddable":true,"href":"https:\/\/www.egemtv.com\/index.php?rest_route=\/wp\/v2\/users\/1"}],"replies":[{"embeddable":true,"href":"https:\/\/www.egemtv.com\/index.php?rest_route=%2Fwp%2Fv2%2Fcomments&post=65940"}],"version-history":[{"count":1,"href":"https:\/\/www.egemtv.com\/index.php?rest_route=\/wp\/v2\/posts\/65940\/revisions"}],"predecessor-version":[{"id":65942,"href":"https:\/\/www.egemtv.com\/index.php?rest_route=\/wp\/v2\/posts\/65940\/revisions\/65942"}],"wp:featuredmedia":[{"embeddable":true,"href":"https:\/\/www.egemtv.com\/index.php?rest_route=\/wp\/v2\/media\/65941"}],"wp:attachment":[{"href":"https:\/\/www.egemtv.com\/index.php?rest_route=%2Fwp%2Fv2%2Fmedia&parent=65940"}],"wp:term":[{"taxonomy":"category","embeddable":true,"href":"https:\/\/www.egemtv.com\/index.php?rest_route=%2Fwp%2Fv2%2Fcategories&post=65940"},{"taxonomy":"post_tag","embeddable":true,"href":"https:\/\/www.egemtv.com\/index.php?rest_route=%2Fwp%2Fv2%2Ftags&post=65940"}],"curies":[{"name":"wp","href":"https:\/\/api.w.org\/{rel}","templated":true}]}}