{"id":65937,"date":"2025-11-05T13:34:49","date_gmt":"2025-11-05T10:34:49","guid":{"rendered":"https:\/\/www.egemtv.com\/?p=65937"},"modified":"2025-11-05T13:34:50","modified_gmt":"2025-11-05T10:34:50","slug":"baskan-kahveci-kutahyanin-sanayi-vizyonunu-guclendirecek-her-turlu-is-birligine-ve-destege-haziriz","status":"publish","type":"post","link":"https:\/\/www.egemtv.com\/?p=65937","title":{"rendered":"Ba\u015fkan Kahveci: &#8220;K\u00fctahya\u2019n\u0131n sanayi vizyonunu g\u00fc\u00e7lendirecek her t\u00fcrl\u00fc i\u015f birli\u011fine ve deste\u011fe haz\u0131r\u0131z&#8221;"},"content":{"rendered":"<p>K\u00fctahya Belediye Ba\u015fkan\u0131 Ey\u00fcp Kahveci, \u015fehrin sanayi ve \u00fcretim potansiyelini yerinde incelemek amac\u0131yla \u00e7e\u015fitli \u00fcretim tesislerini ziyaret etti. Ziyaretlerde Ba\u015fkan Kahveci\u2019ye, firma y\u00f6neticileri ve y\u00f6netim kurulu temsilcileri e\u015flik etti.<br \/>\n<br \/>Ger\u00e7ekle\u015ftirilen g\u00f6r\u00fc\u015fmelerde, K\u00fctahya\u2019n\u0131n seramik ve makine sanayisindeki konumu, s\u00fcrd\u00fcr\u00fclebilir \u00fcretim hedefleri, nitelikli istihdam\u0131n art\u0131r\u0131lmas\u0131 ve i\u015f birli\u011fi imkanlar\u0131n\u0131n de\u011ferlendirildi.<br \/>\n<br \/>Ba\u015fkan Ey\u00fcp Kahveci, K\u00fctahya\u2019n\u0131n \u00fcretim k\u00fclt\u00fcr\u00fcn\u00fcn \u00f6nemine vurgu yaparak \u015funlar\u0131 s\u00f6yledi: &#8220;\u015eehrimizin \u00fcretim g\u00fcc\u00fc, ekonomimizi, k\u00fclt\u00fcr\u00fcm\u00fcz\u00fc, eme\u011fimizi ve gelece\u011fimizi de \u015fekillendiriyor. K\u00fctahya\u2019n\u0131n sanayi vizyonunu g\u00fc\u00e7lendirecek her t\u00fcrl\u00fc i\u015f birli\u011fine ve deste\u011fe haz\u0131r\u0131z.&#8221;<br \/>\n<br \/>Ziyaretler, kar\u015f\u0131l\u0131kl\u0131 iyi dilek temennileri ve hat\u0131ra foto\u011fraf\u0131 \u00e7ekimiyle sona erdi.<br \/><\/p>\n","protected":false},"excerpt":{"rendered":"<p>K\u00fctahya Belediye Ba\u015fkan\u0131 Ey\u00fcp Kahveci, \u015fehrin sanayi ve \u00fcretim potansiyelini yerinde incelemek amac\u0131yla \u00e7e\u015fitli \u00fcretim tesislerini ziyaret etti. Ziyaretlerde Ba\u015fkan Kahveci\u2019ye, firma y\u00f6neticileri ve y\u00f6netim kurulu temsilcileri e\u015flik etti. Ger\u00e7ekle\u015ftirilen g\u00f6r\u00fc\u015fmelerde, K\u00fctahya\u2019n\u0131n seramik ve makine sanayisindeki konumu, s\u00fcrd\u00fcr\u00fclebilir \u00fcretim hedefleri, nitelikli istihdam\u0131n art\u0131r\u0131lmas\u0131 ve i\u015f birli\u011fi imkanlar\u0131n\u0131n de\u011ferlendirildi. Ba\u015fkan Ey\u00fcp Kahveci, K\u00fctahya\u2019n\u0131n \u00fcretim k\u00fclt\u00fcr\u00fcn\u00fcn \u00f6nemine&#8230;<\/p>\n","protected":false},"author":1,"featured_media":65938,"comment_status":"open","ping_status":"open","sticky":false,"template":"","format":"standard","meta":{"_crdt_document":"","footnotes":""},"categories":[123],"tags":[],"class_list":["post-65937","post","type-post","status-publish","format-standard","has-post-thumbnail","hentry","category-gundem"],"_links":{"self":[{"href":"https:\/\/www.egemtv.com\/index.php?rest_route=\/wp\/v2\/posts\/65937","targetHints":{"allow":["GET"]}}],"collection":[{"href":"https:\/\/www.egemtv.com\/index.php?rest_route=\/wp\/v2\/posts"}],"about":[{"href":"https:\/\/www.egemtv.com\/index.php?rest_route=\/wp\/v2\/types\/post"}],"author":[{"embeddable":true,"href":"https:\/\/www.egemtv.com\/index.php?rest_route=\/wp\/v2\/users\/1"}],"replies":[{"embeddable":true,"href":"https:\/\/www.egemtv.com\/index.php?rest_route=%2Fwp%2Fv2%2Fcomments&post=65937"}],"version-history":[{"count":1,"href":"https:\/\/www.egemtv.com\/index.php?rest_route=\/wp\/v2\/posts\/65937\/revisions"}],"predecessor-version":[{"id":65939,"href":"https:\/\/www.egemtv.com\/index.php?rest_route=\/wp\/v2\/posts\/65937\/revisions\/65939"}],"wp:featuredmedia":[{"embeddable":true,"href":"https:\/\/www.egemtv.com\/index.php?rest_route=\/wp\/v2\/media\/65938"}],"wp:attachment":[{"href":"https:\/\/www.egemtv.com\/index.php?rest_route=%2Fwp%2Fv2%2Fmedia&parent=65937"}],"wp:term":[{"taxonomy":"category","embeddable":true,"href":"https:\/\/www.egemtv.com\/index.php?rest_route=%2Fwp%2Fv2%2Fcategories&post=65937"},{"taxonomy":"post_tag","embeddable":true,"href":"https:\/\/www.egemtv.com\/index.php?rest_route=%2Fwp%2Fv2%2Ftags&post=65937"}],"curies":[{"name":"wp","href":"https:\/\/api.w.org\/{rel}","templated":true}]}}