{"id":65934,"date":"2025-11-05T13:14:48","date_gmt":"2025-11-05T10:14:48","guid":{"rendered":"https:\/\/www.egemtv.com\/?p=65934"},"modified":"2025-11-05T13:14:49","modified_gmt":"2025-11-05T10:14:49","slug":"ege-universitesinde-kutup-bilimleri-sempozyumu-ve-senligi","status":"publish","type":"post","link":"https:\/\/www.egemtv.com\/?p=65934","title":{"rendered":"Ege \u00dcniversitesinde \u2019Kutup Bilimleri Sempozyumu ve \u015eenli\u011fi\u2019"},"content":{"rendered":"<p>T\u00dcB\u0130TAK Kutup Ara\u015ft\u0131rmalar\u0131 Enstit\u00fcs\u00fc (KARE) koordinasyonunda d\u00fczenlenen &#8220;9. Ulusal Kutup Bilimleri Sempozyumu ve 5. Kutup \u015eenli\u011fi&#8221; Ege \u00dcniversitesinde bilim insanlar\u0131n\u0131, \u00f6\u011frencileri ve vatanda\u015flar\u0131 bir araya getirdi.<br \/>\n<br \/>T\u00fcrkiye\u2019nin kutup b\u00f6lgelerindeki bilimsel ara\u015ft\u0131rmalar\u0131n\u0131 koordine eden T\u00dcB\u0130TAK KARE, alan\u0131ndaki en \u00f6nemli ulusal etkinli\u011fi \u0130zmir\u2019e ta\u015f\u0131d\u0131. 9. Ulusal Kutup Bilimleri Sempozyumu ve 5. Kutup \u015eenli\u011fi, Ege \u00dcniversitesi kamp\u00fcs\u00fcnde ba\u015flad\u0131. E\u00dc Prof. Dr. Yusuf Vardar M\u00d6TBE K\u00fclt\u00fcr Merkezinde d\u00fczenlenen sempozyumun a\u00e7\u0131l\u0131\u015f konu\u015fmalar\u0131 T\u00dcB\u0130TAK MAM Ba\u015fkan\u0131 ve Kutup Ara\u015ft\u0131rmalar\u0131 Enstit\u00fcs\u00fc M\u00fcd\u00fcr\u00fc Prof. Dr. Burcu \u00d6zsoy, Ege \u00dcniversitesi Rekt\u00f6r Yard\u0131mc\u0131s\u0131 Prof. Dr. Mehmet Ersan taraf\u0131ndan yap\u0131ld\u0131.<br \/>\n<br \/>Etkinli\u011fin a\u00e7\u0131l\u0131\u015f\u0131nda konu\u015fan Ege \u00dcniversitesi Rekt\u00f6r Yard\u0131mc\u0131s\u0131 Prof. Dr. Mehmet Ersan, &#8220;Kutup b\u00f6lgeleri, iklim de\u011fi\u015fikli\u011finin en somut etkilerinin g\u00f6zlemlendi\u011fi, d\u00fcnyan\u0131n gelece\u011fine y\u00f6n veren do\u011fal laboratuvarlard\u0131r. Bu b\u00f6lgelerde yap\u0131lan her bir ara\u015ft\u0131rma, yaln\u0131zca co\u011frafi s\u0131n\u0131rlar\u0131n \u00f6tesinde bir anlam ta\u015f\u0131makta; insanl\u0131\u011f\u0131n gelece\u011fine, do\u011fan\u0131n dengesine ve k\u00fcresel ekosistemin devaml\u0131l\u0131\u011f\u0131na katk\u0131 sunmaktad\u0131r. Dolay\u0131s\u0131yla, kutup bilimleri art\u0131k yaln\u0131zca \u00e7evreyle ilgili bir alan de\u011fil, ayn\u0131 zamanda enerji, ekonomi, g\u00fcvenlik ve s\u00fcrd\u00fcr\u00fclebilirlik politikalar\u0131n\u0131n merkezinde yer alan stratejik bir bilim dal\u0131d\u0131r&#8221; diye konu\u015ftu.<\/p>\n<p>&#8220;T\u00fcrkiye, kutup bilimleri alan\u0131nda \u00f6nemli bir ivme yakalad\u0131&#8221;<br \/>\n<br \/>T\u00fcrkiye\u2019nin, son y\u0131llarda kutup bilimleri alan\u0131nda \u00f6rnek g\u00f6sterilen bir ivme yakalad\u0131\u011f\u0131na dikkat \u00e7eken Prof. Dr. Mehmet Ersan, &#8220;T\u00dcB\u0130TAK MAM Kutup Ara\u015ft\u0131rmalar\u0131 koordinasyonunda y\u00fcr\u00fct\u00fclen ulusal seferler, bilim insanlar\u0131m\u0131z\u0131n Antarktika ve Arktik b\u00f6lgelerinde ger\u00e7ekle\u015ftirdi\u011fi projeler, \u00fclkemizin bu alandaki kararl\u0131l\u0131\u011f\u0131n\u0131 ve bilimsel yetkinli\u011fini ortaya koymaktad\u0131r. Bug\u00fcn geldi\u011fimiz noktada T\u00fcrkiye, sadece g\u00f6zlemci de\u011fil; bilgi \u00fcreten, veri payla\u015fan ve uluslararas\u0131 i\u015f birliklerinde aktif rol alan bir akt\u00f6r haline gelmi\u015ftir. Ege \u00dcniversitesi olarak bizler de bu ulusal vizyona g\u00fc\u00e7l\u00fc bir akademik katk\u0131 sunma gayretindeyiz. \u00dcniversitemiz b\u00fcnyesinde \u00e7evre, deniz, iklim ve biyoteknoloji temal\u0131 ara\u015ft\u0131rma merkezleri; s\u00fcrd\u00fcr\u00fclebilirlik, iklim de\u011fi\u015fikli\u011fi ve do\u011fal kaynak y\u00f6netimi alanlar\u0131nda y\u00fcr\u00fct\u00fclen projeler; disiplinler aras\u0131 bilim \u00fcretiminin en g\u00fczel \u00f6rneklerini olu\u015fturmaktad\u0131r. Kutup ara\u015ft\u0131rmalar\u0131yla bu birikimi bulu\u015fturmak, \u00fcniversitemiz i\u00e7in stratejik bir \u00f6ncelik haline gelmi\u015ftir. Bu y\u0131lki sempozyumun temas\u0131, yaln\u0131zca bilimsel veri payla\u015f\u0131m\u0131n\u0131 de\u011fil, ayn\u0131 zamanda gen\u00e7 ara\u015ft\u0131rmac\u0131lar\u0131n s\u00fcrece aktif kat\u0131l\u0131m\u0131n\u0131 da hedeflemektedir. \u00d6\u011frencilerimizin ve gen\u00e7 bilim insanlar\u0131m\u0131z\u0131n bu alana g\u00f6sterdi\u011fi ilgi, T\u00fcrkiye\u2019nin bilimsel gelece\u011fi a\u00e7\u0131s\u0131ndan son derece umut vericidir. Kutup \u015eenli\u011fi kapsam\u0131nda d\u00fczenlenecek at\u00f6lyeler, sergiler ve etkile\u015fimli etkinlikler, bilimi yaln\u0131zca laboratuvarlarda de\u011fil, toplumun her kesimine ula\u015ft\u0131rma hedefinin somut bir yans\u0131mas\u0131 olacakt\u0131r&#8221; dedi.<\/p>\n<p>&#8220;\u00dclkemizin gelece\u011fini bilimle donanm\u0131\u015f bir gen\u00e7lik \u015fekillendirecek&#8221;<br \/>\n<br \/>Sempozyum kapsam\u0131nda farkl\u0131 disiplinlerden gelen ara\u015ft\u0131rmac\u0131lar taraf\u0131ndan haz\u0131rlanan 83 bilimsel bildiri sunulaca\u011f\u0131n\u0131 ifade eden Prof. Dr. Mehmet Ersan, &#8220;Kat\u0131l\u0131mc\u0131lar, iki g\u00fcn boyunca 59 s\u00f6zl\u00fc ve 24 poster sunumu arac\u0131l\u0131\u011f\u0131yla kutup b\u00f6lgelerindeki ara\u015ft\u0131rma sonu\u00e7lar\u0131n\u0131 payla\u015facaklar. Her biri, kutup ekosistemleri, iklim de\u011fi\u015fikli\u011fi, deniz buzlar\u0131, biyolojik \u00e7e\u015fitlilik ve \u00e7evresel s\u00fcrd\u00fcr\u00fclebilirlik gibi hayati konulara \u0131\u015f\u0131k tutacakt\u0131r. Ancak bu etkinli\u011fin de\u011feri yaln\u0131zca akademik s\u0131n\u0131rlarla s\u0131n\u0131rl\u0131 de\u011fildir. 5. Kutup \u015eenli\u011fi, toplumun her kesiminde kutup fark\u0131ndal\u0131\u011f\u0131n\u0131 art\u0131rmay\u0131 hedefleyen bir bilim \u015f\u00f6lenidir. \u015eenlik kapsam\u0131nda, binlerce \u00f6\u011frenci ve \u00f6\u011fretmen \u00fcniversitemizde kurulacak etkinlik alanlar\u0131n\u0131 ziyaret edecek, bilimin heyecan\u0131n\u0131 bizzat deneyimleyecektir. Etkinlik alanlar\u0131nda, bilim s\u00f6yle\u015fileri, dijital etkile\u015fim uygulamalar\u0131, sanal ger\u00e7eklik (VR) deneyimleri, kutuplarda ya\u015fam sim\u00fclasyonlar\u0131 ve oyunla\u015ft\u0131r\u0131lm\u0131\u015f bilim at\u00f6lyeleri gen\u00e7 zihinlere bilimi sevdiren e\u015fsiz bir ortam olu\u015fturacakt\u0131r. B\u00f6ylece, \u00e7ocuklar\u0131m\u0131z ve gen\u00e7lerimiz yaln\u0131zca bilgiyle de\u011fil, merakla da b\u00fcy\u00fcyeceklerdir. Ayr\u0131ca, T\u00dcB\u0130TAK\u2019\u0131n 2204-C Kutup Ara\u015ft\u0131rmalar\u0131 ve 2204-D \u0130klim De\u011fi\u015fikli\u011fi yar\u0131\u015fmalar\u0131nda dereceye giren lise \u00f6\u011frencileri, projelerini burada sergileme f\u0131rsat\u0131 bulacak. Gen\u00e7 ara\u015ft\u0131rmac\u0131lar\u0131n kutup seferlerinden edindikleri deneyimlerini payla\u015facaklar\u0131 s\u00f6yle\u015filer ise, gelece\u011fin bilim insanlar\u0131na ilham kayna\u011f\u0131 olacakt\u0131r.<br \/>\n<br \/>Ege \u00dcniversitesi olarak bizler, s\u00fcrd\u00fcr\u00fclebilir bilimi, \u00e7evreye duyarl\u0131 ara\u015ft\u0131rmalar\u0131 ve gen\u00e7 nesillerin bilime y\u00f6nelimini desteklemeyi en \u00f6nemli sorumluluklar\u0131m\u0131zdan biri olarak g\u00f6r\u00fcyoruz. Bilimle donanm\u0131\u015f bir gen\u00e7li\u011fin, \u00fclkemizin gelece\u011fini \u015fekillendirece\u011fine y\u00fcrekten inan\u0131yoruz&#8221; diye konu\u015ftu.<\/p>\n<p>&#8220;En b\u00fcy\u00fck sorun iklim de\u011fi\u015fikli\u011fi&#8221;<br \/>\n<br \/>T\u00dcB\u0130TAK MAM Ba\u015fkan\u0131 ve Kutup Ara\u015ft\u0131rmalar\u0131 Enstit\u00fcs\u00fc M\u00fcd\u00fcr\u00fc Prof. Dr. Burcu \u00d6zsoy, yapt\u0131\u011f\u0131 sunumda T\u00fcrkiye\u2019nin kutup \u00e7al\u0131\u015fmalar\u0131 tarih\u00e7esini, Enstit\u00fcn\u00fcn \u00e7al\u0131\u015fmalar\u0131n\u0131, y\u00fcr\u00fct\u00fclen e\u011fitim faaliyetlerini ve kutup b\u00f6lgelerinin \u00f6zelliklerini aktard\u0131. Arktik ve Antarktika B\u00f6lgeleri ile ilgili bilgiler payla\u015fan Prof. Dr. \u00d6zsoy, &#8220;Son 40 y\u0131lda Arktik B\u00f6lgesinde buzullar\u0131n y\u00fczde 40\u2019\u0131nda azalma ger\u00e7ekle\u015fti. Burada asl\u0131nda sorunlar\u0131n en b\u00fcy\u00fc\u011f\u00fc iklim de\u011fi\u015fikli\u011fi olarak kar\u015f\u0131m\u0131za \u00e7\u0131k\u0131yor. \u00c7evresel tehditler de mevcut. Bununla birlikte, yeni deniz yollar\u0131n\u0131n a\u00e7\u0131lmas\u0131, enerji ve do\u011fal kaynaklara eri\u015fim gibi f\u0131rsatlar da ortaya \u00e7\u0131kt\u0131. Hem Arktik hem de Antarktika asl\u0131nda d\u00fcnyan\u0131n iklim sisteminin omurgas\u0131n\u0131 olu\u015fturuyor. Antarktika, d\u00fcnyan\u0131n en b\u00fcy\u00fck be\u015finci k\u0131tas\u0131 olmas\u0131n\u0131n yan\u0131 s\u0131ra, en so\u011fuk, en kurak ve en y\u00fcksek k\u0131ta olarak tan\u0131mlanm\u0131\u015f olup bilimsel \u00e7al\u0131\u015fmalara da ev sahipli\u011fi yap\u0131yor. Antarktika, gezegenin bir nevi kara kutusu. Bu b\u00f6lgede turizm faaliyetleri de yap\u0131l\u0131yor. Buradaki kamp\u0131m\u0131z \u015fu an i\u00e7in bizlere hem bir altyap\u0131 imk\u00e2n\u0131 sunup hem de ayn\u0131 zamanda bu altyap\u0131n\u0131n bilimsel ara\u015ft\u0131rmalar\u0131n icras\u0131na m\u00fcsaade etti\u011fi bir aland\u0131r. \u0130yonosferik ve manyetosferik olaylar\u0131n k\u00fcresel izlenmesini geli\u015ftirmek i\u00e7in kurdu\u011fumuz ve bu sene verilerini alaca\u011f\u0131m\u0131z istasyonumuzu ge\u00e7en sene itibar\u0131yla kurmu\u015f olduk ve istasyonlar\u0131m\u0131z \u015fu an verilerini topluyor&#8221; dedi.<br \/>\n<br \/>Kutup Ara\u015ft\u0131rmalar\u0131 Enstit\u00fcs\u00fcnden bahseden Prof. Dr. \u00d6zsoy, &#8220;Enstit\u00fcm\u00fcz\u00fcn; Ulusal Kutup Bilim Seferlerini d\u00fczenlemek; kutup b\u00f6lgelerinde bilimsel ara\u015ft\u0131rma faaliyetlerini planlamak, koordine etmek ve y\u00fcr\u00fctmek; kutup b\u00f6lgelerinde ara\u015ft\u0131rma altyap\u0131lar\u0131n\u0131 geli\u015ftirmek ve i\u015fletmek; T\u00fcrkiye\u2019nin kutup bilimleriyle ilgili uluslararas\u0131 forumlarda temsil etmek gibi g\u00f6revleri var. T\u00dcB\u0130TAK alt\u0131nda g\u00f6revlerimizi icra ediyoruz. Deniz ara\u015ft\u0131rmalar\u0131, e\u011fitim, sa\u011fl\u0131k, emniyet, uluslararas\u0131 kutup y\u0131l\u0131 gibi \u00e7al\u0131\u015fma gruplar\u0131 alt\u0131nda da \u00fcniversitelerden hocalar\u0131m\u0131z bizlere desteklerini veriyorlar. \u00c7ok yak\u0131n zamanda Say\u0131n Cumhurba\u015fkan\u0131m\u0131z Recep Tayyip Erdo\u011fan\u2019\u0131n yay\u0131nlad\u0131\u011f\u0131 genelgeyle beraber, Kutup B\u00f6lgeleri Koordinasyon Kurulu, Sanayi ve Teknoloji Bakan\u0131m\u0131z ba\u015fkanl\u0131\u011f\u0131nda faaliyetlerine ba\u015flad\u0131. Bu koordinasyonda, konuyla ilgili b\u00fct\u00fcn bakanl\u0131klar\u0131n ve bakan yard\u0131mc\u0131lar\u0131m\u0131z\u0131n da yer ald\u0131\u011f\u0131 bir kurul olu\u015fturuldu&#8221; dedi.<br \/>\n<br \/>Kutup ara\u015ft\u0131rma \u00e7a\u011fr\u0131lar\u0131na de\u011finen Prof. Dr. \u00d6zsoy, &#8220;Kutup \u00e7a\u011fr\u0131lar\u0131m\u0131zda bildi\u011finiz \u00fczere d\u00f6rt tematik alan\u0131m\u0131z bulunuyor. Bunlar, SCAR ile de ili\u015fkilendirilmi\u015f yer bilimleri, fiziki bilimler, ya\u015fam bilimleri ve sosyal bilimlerdir. Bilimsel yay\u0131nlar\u0131m\u0131z\u0131 ve projelerimizi bu alanlarda \u00e7e\u015fitlendirerek, son dokuz y\u0131ldaki s\u00fcre\u00e7lerini takip ediyoruz. Bununla birlikte, \u00f6zel say\u0131lar\u0131n yay\u0131mlanmas\u0131, ulusal dergilerde makalelerimizin yer almas\u0131 ve tabii ki olmazsa olmaz\u0131m\u0131z Ulusal Kutup Bilimleri Sempozyumu\u2019nun bug\u00fcn dokuzuncusunu icra ediyoruz&#8221; diye konu\u015ftu.<\/p>\n<p>Etkinlik kapsam\u0131nda 83 bilimsel \u00e7al\u0131\u015fma sunulacak<br \/>\n<br \/>T\u00fcrkiye\u2019nin &#8220;Ulusal Kutup Bilimleri Stratejisi 2023-2035&#8221; hedefleri do\u011frultusunda d\u00fczenlenen sempozyum, bilim insanlar\u0131n\u0131n kutup b\u00f6lgelerinde y\u00fcr\u00fctt\u00fc\u011f\u00fc en g\u00fcncel \u00e7al\u0131\u015fmalar\u0131, proje \u00e7\u0131kt\u0131lar\u0131n\u0131 ve sefer tecr\u00fcbelerini payla\u015ft\u0131\u011f\u0131 ulusal bir platform olma \u00f6zelli\u011fi ta\u015f\u0131yor. Bu y\u0131l sempozyum kapsam\u0131nda farkl\u0131 disiplinlerden toplam 83 bildiri sunulacak. Kat\u0131l\u0131mc\u0131lar, iki g\u00fcn boyunca 59 s\u00f6zl\u00fc ve 24 poster sunum arac\u0131l\u0131\u011f\u0131yla kutup b\u00f6lgelerindeki bulgular\u0131n\u0131 akademik toplulukla payla\u015facak.<\/p>\n<p>Binlerce \u00f6\u011frenci kutuplar\u0131 ke\u015ffedecek<br \/>\n<br \/>T\u00dcB\u0130TAK KARE, bilimsel \u00e7al\u0131\u015fmalar\u0131n yan\u0131 s\u0131ra toplumda kutup fark\u0131ndal\u0131\u011f\u0131n\u0131 art\u0131rmak amac\u0131yla 5. Kutup \u015eenli\u011fi\u2019ni de sempozyumla e\u015f zamanl\u0131 olarak ger\u00e7ekle\u015ftiriyor. \u0130zmir \u0130l Milli E\u011fitim M\u00fcd\u00fcrl\u00fc\u011f\u00fc i\u015f birli\u011fiyle binlerce \u00f6\u011frenci ve \u00f6\u011fretmen, Ege \u00dcniversitesinde kurulan etkinlik alanlar\u0131n\u0131 ziyaret ediyor. \u015eenlikte bilim s\u00f6yle\u015fileri, dijital etkile\u015fim alanlar\u0131, VR deneyimleri, kutuplarda ya\u015fam sim\u00fclasyonlar\u0131, at\u00f6lye \u00e7al\u0131\u015fmalar\u0131 ve oyunla\u015ft\u0131r\u0131lm\u0131\u015f bilim etkinlikleri ger\u00e7ekle\u015ftiriliyor. Ayr\u0131ca, T\u00dcB\u0130TAK\u2019\u0131n 2204-C Kutup Ara\u015ft\u0131rmalar\u0131 ve 2204-D \u0130klim De\u011fi\u015fikli\u011fi yar\u0131\u015fmalar\u0131nda dereceye giren lise \u00f6\u011frencileri projelerini sergiliyor. Kutup seferlerine kat\u0131lm\u0131\u015f gen\u00e7 ara\u015ft\u0131rmac\u0131lar da deneyimlerini payla\u015facaklar\u0131 s\u00f6yle\u015filerle gen\u00e7lere ilham veriyor.<br \/><\/p>\n","protected":false},"excerpt":{"rendered":"<p>T\u00dcB\u0130TAK Kutup Ara\u015ft\u0131rmalar\u0131 Enstit\u00fcs\u00fc (KARE) koordinasyonunda d\u00fczenlenen &#8220;9. Ulusal Kutup Bilimleri Sempozyumu ve 5. Kutup \u015eenli\u011fi&#8221; Ege \u00dcniversitesinde bilim insanlar\u0131n\u0131, \u00f6\u011frencileri ve vatanda\u015flar\u0131 bir araya getirdi. T\u00fcrkiye\u2019nin kutup b\u00f6lgelerindeki bilimsel ara\u015ft\u0131rmalar\u0131n\u0131 koordine eden T\u00dcB\u0130TAK KARE, alan\u0131ndaki en \u00f6nemli ulusal etkinli\u011fi \u0130zmir\u2019e ta\u015f\u0131d\u0131. 9. Ulusal Kutup Bilimleri Sempozyumu ve 5. Kutup \u015eenli\u011fi, Ege \u00dcniversitesi kamp\u00fcs\u00fcnde ba\u015flad\u0131&#8230;.<\/p>\n","protected":false},"author":1,"featured_media":65935,"comment_status":"open","ping_status":"open","sticky":false,"template":"","format":"standard","meta":{"_crdt_document":"","footnotes":""},"categories":[1],"tags":[],"class_list":["post-65934","post","type-post","status-publish","format-standard","has-post-thumbnail","hentry","category-guncel"],"_links":{"self":[{"href":"https:\/\/www.egemtv.com\/index.php?rest_route=\/wp\/v2\/posts\/65934","targetHints":{"allow":["GET"]}}],"collection":[{"href":"https:\/\/www.egemtv.com\/index.php?rest_route=\/wp\/v2\/posts"}],"about":[{"href":"https:\/\/www.egemtv.com\/index.php?rest_route=\/wp\/v2\/types\/post"}],"author":[{"embeddable":true,"href":"https:\/\/www.egemtv.com\/index.php?rest_route=\/wp\/v2\/users\/1"}],"replies":[{"embeddable":true,"href":"https:\/\/www.egemtv.com\/index.php?rest_route=%2Fwp%2Fv2%2Fcomments&post=65934"}],"version-history":[{"count":1,"href":"https:\/\/www.egemtv.com\/index.php?rest_route=\/wp\/v2\/posts\/65934\/revisions"}],"predecessor-version":[{"id":65936,"href":"https:\/\/www.egemtv.com\/index.php?rest_route=\/wp\/v2\/posts\/65934\/revisions\/65936"}],"wp:featuredmedia":[{"embeddable":true,"href":"https:\/\/www.egemtv.com\/index.php?rest_route=\/wp\/v2\/media\/65935"}],"wp:attachment":[{"href":"https:\/\/www.egemtv.com\/index.php?rest_route=%2Fwp%2Fv2%2Fmedia&parent=65934"}],"wp:term":[{"taxonomy":"category","embeddable":true,"href":"https:\/\/www.egemtv.com\/index.php?rest_route=%2Fwp%2Fv2%2Fcategories&post=65934"},{"taxonomy":"post_tag","embeddable":true,"href":"https:\/\/www.egemtv.com\/index.php?rest_route=%2Fwp%2Fv2%2Ftags&post=65934"}],"curies":[{"name":"wp","href":"https:\/\/api.w.org\/{rel}","templated":true}]}}