{"id":65931,"date":"2025-11-05T13:14:46","date_gmt":"2025-11-05T10:14:46","guid":{"rendered":"https:\/\/www.egemtv.com\/?p=65931"},"modified":"2025-11-05T13:14:47","modified_gmt":"2025-11-05T10:14:47","slug":"kuraklik-riski-altindaki-eber-ve-aksehir-golleri-icin-bir-araya-gelindi","status":"publish","type":"post","link":"https:\/\/www.egemtv.com\/?p=65931","title":{"rendered":"Kurakl\u0131k riski alt\u0131ndaki Eber ve Ak\u015fehir G\u00f6lleri i\u00e7in bir araya gelindi"},"content":{"rendered":"<p>Afyonkarahisar\u2019da kurakl\u0131k riski alt\u0131ndaki Eber ve Ak\u015fehir G\u00f6llerini koruma eylem plan\u0131na y\u00f6nelik bakanl\u0131k merkezi kurumlar\u0131, yerel kurumlar ve akademik \u00f6\u011fretim g\u00f6revlilerinin kat\u0131l\u0131m\u0131 ile nihai kararlara y\u00f6nelik sonu\u00e7 toplant\u0131s\u0131 ve arazi \u00e7al\u0131\u015fmas\u0131 ger\u00e7ekle\u015ftirildi.<br \/>\n<br \/>Kurakl\u0131k riski alt\u0131ndaki Eber ve Ak\u015fehir G\u00f6llerinin gelecek nesillere debisel olarak en iyi \u00f6zellikte miras b\u0131rak\u0131lmas\u0131 amac\u0131yla Tar\u0131m ve Orman Bakanl\u0131\u011f\u0131 Su Y\u00f6netimi Genel M\u00fcd\u00fcrl\u00fc\u011f\u00fc yetkilileri ile Ankara, Afyonkarahisar, \u00c7ank\u0131r\u0131 ve Konya\u2019dan bakanl\u0131klar\u0131n merkez te\u015fkilat\u0131 konu uzmanlar\u0131, yerel kamu kurumlar\u0131n\u0131n temsilcileri ve farkl\u0131 \u00fcniversitelerimizin akademik personellerinin kat\u0131l\u0131m\u0131 ile Eber ve Ak\u015fehir G\u00f6llerine ait Eylem Plan\u0131na son halini verecek nihai kararlar\u0131n al\u0131nmas\u0131na y\u00f6nelik toplant\u0131 ve arazi \u00e7al\u0131\u015fmas\u0131 ger\u00e7ekle\u015ftirildi.<br \/>\n<br \/>Toplant\u0131da Su Y\u00f6netimi Genel M\u00fcd\u00fcrl\u00fc\u011f\u00fc yetkililerince bakanl\u0131\u011f\u0131n eylem plan\u0131 haz\u0131rlanmas\u0131na ihtiya\u00e7 duyulan g\u00f6llere y\u00f6nelik \u00e7al\u0131\u015fmalar \u00f6zelinde Eber ve Ak\u015fehir G\u00f6llerine y\u00f6nelik uygulamalara dair bilgilendirme sunusu ger\u00e7ekle\u015ftirildi.<br \/><\/p>\n","protected":false},"excerpt":{"rendered":"<p>Afyonkarahisar\u2019da kurakl\u0131k riski alt\u0131ndaki Eber ve Ak\u015fehir G\u00f6llerini koruma eylem plan\u0131na y\u00f6nelik bakanl\u0131k merkezi kurumlar\u0131, yerel kurumlar ve akademik \u00f6\u011fretim g\u00f6revlilerinin kat\u0131l\u0131m\u0131 ile nihai kararlara y\u00f6nelik sonu\u00e7 toplant\u0131s\u0131 ve arazi \u00e7al\u0131\u015fmas\u0131 ger\u00e7ekle\u015ftirildi. Kurakl\u0131k riski alt\u0131ndaki Eber ve Ak\u015fehir G\u00f6llerinin gelecek nesillere debisel olarak en iyi \u00f6zellikte miras b\u0131rak\u0131lmas\u0131 amac\u0131yla Tar\u0131m ve Orman Bakanl\u0131\u011f\u0131 Su Y\u00f6netimi&#8230;<\/p>\n","protected":false},"author":1,"featured_media":65932,"comment_status":"open","ping_status":"open","sticky":false,"template":"","format":"standard","meta":{"_crdt_document":"","footnotes":""},"categories":[1],"tags":[],"class_list":["post-65931","post","type-post","status-publish","format-standard","has-post-thumbnail","hentry","category-guncel"],"_links":{"self":[{"href":"https:\/\/www.egemtv.com\/index.php?rest_route=\/wp\/v2\/posts\/65931","targetHints":{"allow":["GET"]}}],"collection":[{"href":"https:\/\/www.egemtv.com\/index.php?rest_route=\/wp\/v2\/posts"}],"about":[{"href":"https:\/\/www.egemtv.com\/index.php?rest_route=\/wp\/v2\/types\/post"}],"author":[{"embeddable":true,"href":"https:\/\/www.egemtv.com\/index.php?rest_route=\/wp\/v2\/users\/1"}],"replies":[{"embeddable":true,"href":"https:\/\/www.egemtv.com\/index.php?rest_route=%2Fwp%2Fv2%2Fcomments&post=65931"}],"version-history":[{"count":1,"href":"https:\/\/www.egemtv.com\/index.php?rest_route=\/wp\/v2\/posts\/65931\/revisions"}],"predecessor-version":[{"id":65933,"href":"https:\/\/www.egemtv.com\/index.php?rest_route=\/wp\/v2\/posts\/65931\/revisions\/65933"}],"wp:featuredmedia":[{"embeddable":true,"href":"https:\/\/www.egemtv.com\/index.php?rest_route=\/wp\/v2\/media\/65932"}],"wp:attachment":[{"href":"https:\/\/www.egemtv.com\/index.php?rest_route=%2Fwp%2Fv2%2Fmedia&parent=65931"}],"wp:term":[{"taxonomy":"category","embeddable":true,"href":"https:\/\/www.egemtv.com\/index.php?rest_route=%2Fwp%2Fv2%2Fcategories&post=65931"},{"taxonomy":"post_tag","embeddable":true,"href":"https:\/\/www.egemtv.com\/index.php?rest_route=%2Fwp%2Fv2%2Ftags&post=65931"}],"curies":[{"name":"wp","href":"https:\/\/api.w.org\/{rel}","templated":true}]}}