{"id":65928,"date":"2025-11-05T13:14:44","date_gmt":"2025-11-05T10:14:44","guid":{"rendered":"https:\/\/www.egemtv.com\/?p=65928"},"modified":"2025-11-05T13:14:45","modified_gmt":"2025-11-05T10:14:45","slug":"mugla-emniyet-muduru-karadeniz-hizmetleri-hep-beraber-yapacagiz","status":"publish","type":"post","link":"https:\/\/www.egemtv.com\/?p=65928","title":{"rendered":"Mu\u011fla Emniyet M\u00fcd\u00fcr\u00fc Karadeniz: &#8220;Hizmetleri hep beraber yapaca\u011f\u0131z&#8221;"},"content":{"rendered":"<p>Mu\u011fla \u0130l Emniyet M\u00fcd\u00fcr\u00fc S\u00fcleyman Karadeniz, Mu\u011fla\u2019ya geli\u015finin ard\u0131ndan yakla\u015f\u0131k bir bu\u00e7uk ay sonra, il ve il\u00e7e merkezlerindeki bas\u0131n mensuplar\u0131yla bir tan\u0131\u015fma program\u0131nda bir araya geldi. M\u00fcd\u00fcr Karadeniz, d\u00fczenlenen kahvalt\u0131l\u0131 toplant\u0131da yapt\u0131\u011f\u0131 konu\u015fmada, Mu\u011fla\u2019da yap\u0131lacak hizmetlerin bas\u0131nla i\u015f birli\u011fi i\u00e7inde y\u00fcr\u00fct\u00fclece\u011finin alt\u0131n\u0131 \u00e7izdi ve bas\u0131n mensuplar\u0131na davetlerine icabet ettikleri i\u00e7in te\u015fekk\u00fcr etti.<\/p>\n<p>Mu\u011fla\u2019n\u0131n T\u00fcrkiye\u2019nin 30 b\u00fcy\u00fck ilinden biri oldu\u011funu ancak yaz d\u00f6neminde ilk 7-10 il aras\u0131na girdi\u011fini belirten Karadeniz, k\u0131\u015f ve yaz d\u00f6nemleri i\u00e7in farkl\u0131 g\u00fcvenlik tedbirleri alacaklar\u0131n\u0131 ifade etti.<\/p>\n<p>Resmi ekip say\u0131s\u0131nda art\u0131\u015f oldu\u011funu dile getiren Karadeniz, &#8220;G\u00f6reve geldi\u011fi g\u00fcnden itibaren il genelinde sahadaki resmi ekip say\u0131s\u0131ndaki eksikli\u011fi fark ettiklerini ve bu durumu gidermek i\u00e7in ciddi bir art\u0131\u015f yapt\u0131klar\u0131n\u0131 belirtti. \u0130\u00e7 birimlerdeki personelin b\u00fcy\u00fck bir k\u0131sm\u0131n\u0131 yeniden de\u011ferlendirerek halka daha h\u0131zl\u0131 hizmet verebilmeleri ad\u0131na sahaya s\u00fcrd\u00fck. Ekiplerin olaylara daha h\u0131zl\u0131 m\u00fcdahale etmesi amac\u0131yla ara\u00e7lara GPRS takt\u0131k ve dijital harita \u00fczerinden merkezden nokta at\u0131\u015f\u0131 y\u00f6nlendirme sistemini ba\u015flatt\u0131k. Bu uygulaman\u0131n \u015fimdiden iyi sonu\u00e7lar verdi. T\u00fcm il\u00e7e emniyet amirleriyle Marmaris\u2019te ilk toplant\u0131y\u0131 yapt\u0131k, \u00f6n\u00fcm\u00fczdeki g\u00fcnlerde Fethiye\u2019de de yapaca\u011f\u0131z&#8221; dedi.<\/p>\n<p>M\u00fcd\u00fcr Karadeniz, meslek hayat\u0131n\u0131n uzun y\u0131llar aktivite ile ge\u00e7ti\u011fini ve Silahl\u0131 Kuvvetler ile Jandarma ile s\u00fcrekli beraber \u00e7al\u0131\u015ft\u0131\u011f\u0131n\u0131 belirterek, Mu\u011fla\u2019da da yeni gelen Jandarma Komutan\u0131 ile kolluk kuvveti olarak beraber \u00e7al\u0131\u015facaklar\u0131n\u0131 dile getirdi. Karadeniz, &#8220;Bizim ve Jandarma\u2019n\u0131n say\u0131s\u0131 Mu\u011fla\u2019n\u0131n g\u00fcvenlik say\u0131s\u0131 olarak d\u00fc\u015f\u00fcn\u00fcyoruz. Ayr\u0131 gayr\u0131 bir \u015feyimiz yok&#8221; diyerek i\u015f birli\u011fine dikkat \u00e7ekti.<\/p>\n<p>Emniyet verilerinde iyi geli\u015fmeler oldu\u011funu kaydeden Karadeniz, sahadaki olaylara h\u0131zl\u0131 reaksiyon g\u00f6steren bir ekiple \u00e7al\u0131\u015farak hem olay say\u0131lar\u0131nda azalma hem de olaylara m\u00fcdahale h\u0131z\u0131nda iyi neticeler alacaklar\u0131n\u0131 d\u00fc\u015f\u00fcnd\u00fc\u011f\u00fcn\u00fc belirtti. Turizm sezonu i\u00e7in de iyi bir sezon ge\u00e7irilmesi ad\u0131na t\u00fcm tedbirlerin al\u0131nd\u0131\u011f\u0131n\u0131 ifade etti.<\/p>\n<p>M\u00fcd\u00fcr Karadeniz, \u0130stanbul, Ankara, \u0130zmir gibi b\u00fcy\u00fck \u015fehirlerde g\u00f6rev yapm\u0131\u015f bir\u00e7ok deneyimli personelin Mu\u011fla\u2019da g\u00f6rev yapt\u0131\u011f\u0131n\u0131 ve onlar\u0131n performans\u0131ndan \u00fcst d\u00fczeyde faydalanacaklar\u0131n\u0131 s\u00f6yledi. Bas\u0131n mensuplar\u0131na hitaben, &#8220;\u0130stedi\u011finiz zaman kap\u0131m\u0131z sizlere a\u00e7\u0131k. Gelip hem taleplerinizi hem de de\u011ferlendirmelerinizi sizlerden almak isteriz&#8221; dedi.<\/p>\n<p>Karadeniz, son olarak, Mu\u011fla\u2019n\u0131n g\u00fcvenlik a\u00e7\u0131s\u0131ndan sorunu olmayan bir il oldu\u011funu, vatanda\u015f\u0131n da polise ve askere bak\u0131\u015f a\u00e7\u0131s\u0131n\u0131n \u00e7ok olumlu oldu\u011funu g\u00f6zlemledi\u011fini belirterek, t\u00fcm enerjilerini ve zamanlar\u0131n\u0131 halk\u0131n hizmetine adayacaklar\u0131n\u0131 s\u00f6zlerine ekledi.<br \/><\/p>\n","protected":false},"excerpt":{"rendered":"<p>Mu\u011fla \u0130l Emniyet M\u00fcd\u00fcr\u00fc S\u00fcleyman Karadeniz, Mu\u011fla\u2019ya geli\u015finin ard\u0131ndan yakla\u015f\u0131k bir bu\u00e7uk ay sonra, il ve il\u00e7e merkezlerindeki bas\u0131n mensuplar\u0131yla bir tan\u0131\u015fma program\u0131nda bir araya geldi. M\u00fcd\u00fcr Karadeniz, d\u00fczenlenen kahvalt\u0131l\u0131 toplant\u0131da yapt\u0131\u011f\u0131 konu\u015fmada, Mu\u011fla\u2019da yap\u0131lacak hizmetlerin bas\u0131nla i\u015f birli\u011fi i\u00e7inde y\u00fcr\u00fct\u00fclece\u011finin alt\u0131n\u0131 \u00e7izdi ve bas\u0131n mensuplar\u0131na davetlerine icabet ettikleri i\u00e7in te\u015fekk\u00fcr etti. Mu\u011fla\u2019n\u0131n T\u00fcrkiye\u2019nin 30&#8230;<\/p>\n","protected":false},"author":1,"featured_media":65929,"comment_status":"open","ping_status":"open","sticky":false,"template":"","format":"standard","meta":{"_crdt_document":"","footnotes":""},"categories":[5],"tags":[],"class_list":["post-65928","post","type-post","status-publish","format-standard","has-post-thumbnail","hentry","category-asayis"],"_links":{"self":[{"href":"https:\/\/www.egemtv.com\/index.php?rest_route=\/wp\/v2\/posts\/65928","targetHints":{"allow":["GET"]}}],"collection":[{"href":"https:\/\/www.egemtv.com\/index.php?rest_route=\/wp\/v2\/posts"}],"about":[{"href":"https:\/\/www.egemtv.com\/index.php?rest_route=\/wp\/v2\/types\/post"}],"author":[{"embeddable":true,"href":"https:\/\/www.egemtv.com\/index.php?rest_route=\/wp\/v2\/users\/1"}],"replies":[{"embeddable":true,"href":"https:\/\/www.egemtv.com\/index.php?rest_route=%2Fwp%2Fv2%2Fcomments&post=65928"}],"version-history":[{"count":1,"href":"https:\/\/www.egemtv.com\/index.php?rest_route=\/wp\/v2\/posts\/65928\/revisions"}],"predecessor-version":[{"id":65930,"href":"https:\/\/www.egemtv.com\/index.php?rest_route=\/wp\/v2\/posts\/65928\/revisions\/65930"}],"wp:featuredmedia":[{"embeddable":true,"href":"https:\/\/www.egemtv.com\/index.php?rest_route=\/wp\/v2\/media\/65929"}],"wp:attachment":[{"href":"https:\/\/www.egemtv.com\/index.php?rest_route=%2Fwp%2Fv2%2Fmedia&parent=65928"}],"wp:term":[{"taxonomy":"category","embeddable":true,"href":"https:\/\/www.egemtv.com\/index.php?rest_route=%2Fwp%2Fv2%2Fcategories&post=65928"},{"taxonomy":"post_tag","embeddable":true,"href":"https:\/\/www.egemtv.com\/index.php?rest_route=%2Fwp%2Fv2%2Ftags&post=65928"}],"curies":[{"name":"wp","href":"https:\/\/api.w.org\/{rel}","templated":true}]}}