{"id":65925,"date":"2025-11-05T12:55:07","date_gmt":"2025-11-05T09:55:07","guid":{"rendered":"https:\/\/www.egemtv.com\/?p=65925"},"modified":"2025-11-05T12:55:09","modified_gmt":"2025-11-05T09:55:09","slug":"afyonkarahisarda-organ-bagisi-icin-onemli-bir-protokol-imzalandi","status":"publish","type":"post","link":"https:\/\/www.egemtv.com\/?p=65925","title":{"rendered":"Afyonkarahisar\u2019da organ ba\u011f\u0131\u015f\u0131 i\u00e7in \u00f6nemli bir protokol imzaland\u0131"},"content":{"rendered":"<p>Afyonkarahisar\u2019da Organ ve Doku Ba\u011f\u0131\u015f\u0131 Haftas\u0131nda \u2018Umutla Ya\u015fanan Hayatlar: Organ Ba\u011f\u0131\u015f\u0131 Fark\u0131ndal\u0131k ve Te\u015fvik Projesi\u2019 protokol\u00fc imzaland\u0131.<br \/>\n<br \/>Vali Do\u00e7. Dr. K\u00fcbra G\u00fcran Yi\u011fitba\u015f\u0131\u2019n\u0131n kat\u0131l\u0131mlar\u0131yla, Afyonkarahisar Diyaliz Hastalar\u0131, Organ ve Doku Nakilleri Yard\u0131mla\u015fma ve Dayan\u0131\u015fma Derne\u011fi taraf\u0131ndan haz\u0131rlanan, 500 bin TL b\u00fct\u00e7eli \u2018Umutla Ya\u015fanan Hayatlar: Organ Ba\u011f\u0131\u015f\u0131 Fark\u0131ndal\u0131k ve Te\u015fvik Projesi, \u0130\u00e7i\u015fleri Bakanl\u0131\u011f\u0131 Sivil Toplumla \u0130li\u015fkiler Genel M\u00fcd\u00fcrl\u00fc\u011f\u00fcnce desteklenmeye hak kazand\u0131.<br \/>\n<br \/>Valilik himayesinde y\u00fcr\u00fct\u00fclecek projenin protokol imza t\u00f6renine; \u0130l Sivil Toplumla \u0130li\u015fkiler M\u00fcd\u00fcr\u00fc Abdurrahman \u00d6zdilekler, Dernek Ba\u015fkan\u0131 Ahmet Akda\u011f ve dernek y\u00f6netim kurul \u00fcyeleri de kat\u0131ld\u0131.<br \/>\n<br \/>Her y\u0131l 3-9 Kas\u0131m tarihleri aras\u0131nda kutlanan Organ ve Doku Ba\u011f\u0131\u015f\u0131 Haftas\u0131nda ger\u00e7ekle\u015ftirilen proje, toplumda organ ba\u011f\u0131\u015f\u0131na y\u00f6nelik fark\u0131ndal\u0131\u011f\u0131 ve te\u015fviki art\u0131rmay\u0131 hedefliyor.<br \/><\/p>\n","protected":false},"excerpt":{"rendered":"<p>Afyonkarahisar\u2019da Organ ve Doku Ba\u011f\u0131\u015f\u0131 Haftas\u0131nda \u2018Umutla Ya\u015fanan Hayatlar: Organ Ba\u011f\u0131\u015f\u0131 Fark\u0131ndal\u0131k ve Te\u015fvik Projesi\u2019 protokol\u00fc imzaland\u0131. Vali Do\u00e7. Dr. K\u00fcbra G\u00fcran Yi\u011fitba\u015f\u0131\u2019n\u0131n kat\u0131l\u0131mlar\u0131yla, Afyonkarahisar Diyaliz Hastalar\u0131, Organ ve Doku Nakilleri Yard\u0131mla\u015fma ve Dayan\u0131\u015fma Derne\u011fi taraf\u0131ndan haz\u0131rlanan, 500 bin TL b\u00fct\u00e7eli \u2018Umutla Ya\u015fanan Hayatlar: Organ Ba\u011f\u0131\u015f\u0131 Fark\u0131ndal\u0131k ve Te\u015fvik Projesi, \u0130\u00e7i\u015fleri Bakanl\u0131\u011f\u0131 Sivil Toplumla \u0130li\u015fkiler&#8230;<\/p>\n","protected":false},"author":1,"featured_media":65926,"comment_status":"open","ping_status":"open","sticky":false,"template":"","format":"standard","meta":{"_crdt_document":"","footnotes":""},"categories":[1],"tags":[],"class_list":["post-65925","post","type-post","status-publish","format-standard","has-post-thumbnail","hentry","category-guncel"],"_links":{"self":[{"href":"https:\/\/www.egemtv.com\/index.php?rest_route=\/wp\/v2\/posts\/65925","targetHints":{"allow":["GET"]}}],"collection":[{"href":"https:\/\/www.egemtv.com\/index.php?rest_route=\/wp\/v2\/posts"}],"about":[{"href":"https:\/\/www.egemtv.com\/index.php?rest_route=\/wp\/v2\/types\/post"}],"author":[{"embeddable":true,"href":"https:\/\/www.egemtv.com\/index.php?rest_route=\/wp\/v2\/users\/1"}],"replies":[{"embeddable":true,"href":"https:\/\/www.egemtv.com\/index.php?rest_route=%2Fwp%2Fv2%2Fcomments&post=65925"}],"version-history":[{"count":1,"href":"https:\/\/www.egemtv.com\/index.php?rest_route=\/wp\/v2\/posts\/65925\/revisions"}],"predecessor-version":[{"id":65927,"href":"https:\/\/www.egemtv.com\/index.php?rest_route=\/wp\/v2\/posts\/65925\/revisions\/65927"}],"wp:featuredmedia":[{"embeddable":true,"href":"https:\/\/www.egemtv.com\/index.php?rest_route=\/wp\/v2\/media\/65926"}],"wp:attachment":[{"href":"https:\/\/www.egemtv.com\/index.php?rest_route=%2Fwp%2Fv2%2Fmedia&parent=65925"}],"wp:term":[{"taxonomy":"category","embeddable":true,"href":"https:\/\/www.egemtv.com\/index.php?rest_route=%2Fwp%2Fv2%2Fcategories&post=65925"},{"taxonomy":"post_tag","embeddable":true,"href":"https:\/\/www.egemtv.com\/index.php?rest_route=%2Fwp%2Fv2%2Ftags&post=65925"}],"curies":[{"name":"wp","href":"https:\/\/api.w.org\/{rel}","templated":true}]}}