{"id":65922,"date":"2025-11-05T12:55:05","date_gmt":"2025-11-05T09:55:05","guid":{"rendered":"https:\/\/www.egemtv.com\/?p=65922"},"modified":"2025-11-05T12:55:07","modified_gmt":"2025-11-05T09:55:07","slug":"gazze-icin-hayir-carsisi-kurdular","status":"publish","type":"post","link":"https:\/\/www.egemtv.com\/?p=65922","title":{"rendered":"Gazze i\u00e7in hay\u0131r \u00e7ar\u015f\u0131s\u0131 kurdular"},"content":{"rendered":"<p>Afyonkarahisar Dinar \u0130l\u00e7e M\u00fcft\u00fcl\u00fc\u011f\u00fc taraf\u0131ndan il\u00e7e merkezinde Gazze i\u00e7in hay\u0131r \u00e7ar\u015f\u0131s\u0131 kuruldu.<br \/>\n<br \/>\u0130l\u00e7e merkezinde kurulan \u00e7ar\u015f\u0131ya vatanda\u015flar\u0131n ilgisi yo\u011fun oldu. \u00c7ok say\u0131da \u00fcr\u00fcn\u00fcn sat\u0131\u015fa sunuldu\u011fu \u00e7ar\u015f\u0131da Gazze\u2019de ya\u015fanan insanl\u0131k dram\u0131na da dikkat \u00e7ekildi. \u00c7ar\u015f\u0131da sat\u0131\u015f\u0131 yap\u0131lan \u00fcr\u00fcnlerden elde edilecek gelirin m\u00fcft\u00fcl\u00fck b\u00fcnyesinde toplan\u0131p ard\u0131ndan ba\u011f\u0131\u015f i\u00e7in Diyanet Vakf\u0131na g\u00f6nderilece\u011fi \u00f6\u011frenildi.<br \/><\/p>\n","protected":false},"excerpt":{"rendered":"<p>Afyonkarahisar Dinar \u0130l\u00e7e M\u00fcft\u00fcl\u00fc\u011f\u00fc taraf\u0131ndan il\u00e7e merkezinde Gazze i\u00e7in hay\u0131r \u00e7ar\u015f\u0131s\u0131 kuruldu. \u0130l\u00e7e merkezinde kurulan \u00e7ar\u015f\u0131ya vatanda\u015flar\u0131n ilgisi yo\u011fun oldu. \u00c7ok say\u0131da \u00fcr\u00fcn\u00fcn sat\u0131\u015fa sunuldu\u011fu \u00e7ar\u015f\u0131da Gazze\u2019de ya\u015fanan insanl\u0131k dram\u0131na da dikkat \u00e7ekildi. \u00c7ar\u015f\u0131da sat\u0131\u015f\u0131 yap\u0131lan \u00fcr\u00fcnlerden elde edilecek gelirin m\u00fcft\u00fcl\u00fck b\u00fcnyesinde toplan\u0131p ard\u0131ndan ba\u011f\u0131\u015f i\u00e7in Diyanet Vakf\u0131na g\u00f6nderilece\u011fi \u00f6\u011frenildi.<\/p>\n","protected":false},"author":1,"featured_media":65923,"comment_status":"open","ping_status":"open","sticky":false,"template":"","format":"standard","meta":{"_crdt_document":"","footnotes":""},"categories":[1],"tags":[],"class_list":["post-65922","post","type-post","status-publish","format-standard","has-post-thumbnail","hentry","category-guncel"],"_links":{"self":[{"href":"https:\/\/www.egemtv.com\/index.php?rest_route=\/wp\/v2\/posts\/65922","targetHints":{"allow":["GET"]}}],"collection":[{"href":"https:\/\/www.egemtv.com\/index.php?rest_route=\/wp\/v2\/posts"}],"about":[{"href":"https:\/\/www.egemtv.com\/index.php?rest_route=\/wp\/v2\/types\/post"}],"author":[{"embeddable":true,"href":"https:\/\/www.egemtv.com\/index.php?rest_route=\/wp\/v2\/users\/1"}],"replies":[{"embeddable":true,"href":"https:\/\/www.egemtv.com\/index.php?rest_route=%2Fwp%2Fv2%2Fcomments&post=65922"}],"version-history":[{"count":1,"href":"https:\/\/www.egemtv.com\/index.php?rest_route=\/wp\/v2\/posts\/65922\/revisions"}],"predecessor-version":[{"id":65924,"href":"https:\/\/www.egemtv.com\/index.php?rest_route=\/wp\/v2\/posts\/65922\/revisions\/65924"}],"wp:featuredmedia":[{"embeddable":true,"href":"https:\/\/www.egemtv.com\/index.php?rest_route=\/wp\/v2\/media\/65923"}],"wp:attachment":[{"href":"https:\/\/www.egemtv.com\/index.php?rest_route=%2Fwp%2Fv2%2Fmedia&parent=65922"}],"wp:term":[{"taxonomy":"category","embeddable":true,"href":"https:\/\/www.egemtv.com\/index.php?rest_route=%2Fwp%2Fv2%2Fcategories&post=65922"},{"taxonomy":"post_tag","embeddable":true,"href":"https:\/\/www.egemtv.com\/index.php?rest_route=%2Fwp%2Fv2%2Ftags&post=65922"}],"curies":[{"name":"wp","href":"https:\/\/api.w.org\/{rel}","templated":true}]}}