{"id":65916,"date":"2025-11-05T12:55:00","date_gmt":"2025-11-05T09:55:00","guid":{"rendered":"https:\/\/www.egemtv.com\/?p=65916"},"modified":"2025-11-05T12:55:01","modified_gmt":"2025-11-05T09:55:01","slug":"il-ozel-idaresinden-afada-1-milyon-100-bin-tl-odenek-aktarilacak","status":"publish","type":"post","link":"https:\/\/www.egemtv.com\/?p=65916","title":{"rendered":"\u0130l \u00d6zel \u0130daresi\u2019nden, AFAD\u2019a 1 milyon 100 bin TL \u00f6denek aktar\u0131lacak"},"content":{"rendered":"<p>Afyonkarahisar \u0130l Genel Meclisi\u2019nin bug\u00fcn ger\u00e7ekle\u015ftirilen oturumunda \u0130l Afet ve Acil Durum M\u00fcd\u00fcrl\u00fc\u011f\u00fc\u2019ne (AFAD) 1 milyon 100 bin TL \u00f6denek aktar\u0131lmas\u0131na karar verildi.<br \/>\n<br \/>\u0130GM\u2019nin bug\u00fcn yap\u0131lan oturumunda 2025 y\u0131l\u0131 b\u00fct\u00e7esinde \u00f6denek aktar\u0131m\u0131 yap\u0131lmas\u0131na ili\u015fkin iki g\u00fcndem d\u0131\u015f\u0131 madde ile iki ta\u015f\u0131nmaz\u0131n tahsisine y\u00f6nelik kararlar g\u00f6r\u00fc\u015f\u00fcld\u00fc.<br \/>\n<br \/>\u0130l \u00d6zel \u0130daresi 2025 Mali Y\u0131l\u0131 Gider B\u00fct\u00e7esi\u2019nde y\u0131l i\u00e7inde yap\u0131lan harcamalarda, muhtelif harcama kalemlerindeki \u00f6deneklerin y\u0131lsonuna kadar yetmeyece\u011finin anla\u015f\u0131lmas\u0131 \u00fczerine \u00f6denek aktarmas\u0131 yap\u0131lmas\u0131 kararla\u015ft\u0131r\u0131ld\u0131. Mahalli \u0130dareler B\u00fct\u00e7e ve Muhasebe Y\u00f6netmeli\u011fi gere\u011fince \u00f6dene\u011fi fazla gelen harcama kalemlerinden, \u00f6dene\u011fi eksik gelen harcama kalemlerine aktarma yap\u0131lmas\u0131 onayland\u0131.<br \/>\n<br \/>\u0130l Afet ve Acil Durum M\u00fcd\u00fcrl\u00fc\u011f\u00fc\u2019n\u00fcn \u00f6denek aktarma talebi de mecliste kabul edildi. Acil m\u00fcdahale ekiplerinin n\u00f6bet mahalline onar\u0131m yap\u0131lmas\u0131 i\u00e7in ayr\u0131lan \u00f6dene\u011fin tamam\u0131n\u0131n kullan\u0131lamayaca\u011f\u0131n\u0131n \u00f6ng\u00f6r\u00fclmesi \u00fczerine, bu kalemden 1 milyon 100 bin TL\u2019nin afet ve acil durumlara ili\u015fkin kapasitenin art\u0131r\u0131lmas\u0131na y\u00f6nelik kademe b\u00f6lgesi n\u00f6bet mahalli tadilat\u0131 i\u00e7in kullan\u0131lmas\u0131 kararla\u015ft\u0131r\u0131ld\u0131.<br \/><\/p>\n","protected":false},"excerpt":{"rendered":"<p>Afyonkarahisar \u0130l Genel Meclisi\u2019nin bug\u00fcn ger\u00e7ekle\u015ftirilen oturumunda \u0130l Afet ve Acil Durum M\u00fcd\u00fcrl\u00fc\u011f\u00fc\u2019ne (AFAD) 1 milyon 100 bin TL \u00f6denek aktar\u0131lmas\u0131na karar verildi. \u0130GM\u2019nin bug\u00fcn yap\u0131lan oturumunda 2025 y\u0131l\u0131 b\u00fct\u00e7esinde \u00f6denek aktar\u0131m\u0131 yap\u0131lmas\u0131na ili\u015fkin iki g\u00fcndem d\u0131\u015f\u0131 madde ile iki ta\u015f\u0131nmaz\u0131n tahsisine y\u00f6nelik kararlar g\u00f6r\u00fc\u015f\u00fcld\u00fc. \u0130l \u00d6zel \u0130daresi 2025 Mali Y\u0131l\u0131 Gider B\u00fct\u00e7esi\u2019nde y\u0131l i\u00e7inde&#8230;<\/p>\n","protected":false},"author":1,"featured_media":65917,"comment_status":"open","ping_status":"open","sticky":false,"template":"","format":"standard","meta":{"_crdt_document":"","footnotes":""},"categories":[1],"tags":[],"class_list":["post-65916","post","type-post","status-publish","format-standard","has-post-thumbnail","hentry","category-guncel"],"_links":{"self":[{"href":"https:\/\/www.egemtv.com\/index.php?rest_route=\/wp\/v2\/posts\/65916","targetHints":{"allow":["GET"]}}],"collection":[{"href":"https:\/\/www.egemtv.com\/index.php?rest_route=\/wp\/v2\/posts"}],"about":[{"href":"https:\/\/www.egemtv.com\/index.php?rest_route=\/wp\/v2\/types\/post"}],"author":[{"embeddable":true,"href":"https:\/\/www.egemtv.com\/index.php?rest_route=\/wp\/v2\/users\/1"}],"replies":[{"embeddable":true,"href":"https:\/\/www.egemtv.com\/index.php?rest_route=%2Fwp%2Fv2%2Fcomments&post=65916"}],"version-history":[{"count":1,"href":"https:\/\/www.egemtv.com\/index.php?rest_route=\/wp\/v2\/posts\/65916\/revisions"}],"predecessor-version":[{"id":65918,"href":"https:\/\/www.egemtv.com\/index.php?rest_route=\/wp\/v2\/posts\/65916\/revisions\/65918"}],"wp:featuredmedia":[{"embeddable":true,"href":"https:\/\/www.egemtv.com\/index.php?rest_route=\/wp\/v2\/media\/65917"}],"wp:attachment":[{"href":"https:\/\/www.egemtv.com\/index.php?rest_route=%2Fwp%2Fv2%2Fmedia&parent=65916"}],"wp:term":[{"taxonomy":"category","embeddable":true,"href":"https:\/\/www.egemtv.com\/index.php?rest_route=%2Fwp%2Fv2%2Fcategories&post=65916"},{"taxonomy":"post_tag","embeddable":true,"href":"https:\/\/www.egemtv.com\/index.php?rest_route=%2Fwp%2Fv2%2Ftags&post=65916"}],"curies":[{"name":"wp","href":"https:\/\/api.w.org\/{rel}","templated":true}]}}