{"id":65913,"date":"2025-11-05T12:36:11","date_gmt":"2025-11-05T09:36:11","guid":{"rendered":"https:\/\/www.egemtv.com\/?p=65913"},"modified":"2025-11-05T12:36:12","modified_gmt":"2025-11-05T09:36:12","slug":"afyonkarahisarda-losev-parki-acildi","status":"publish","type":"post","link":"https:\/\/www.egemtv.com\/?p=65913","title":{"rendered":"Afyonkarahisar\u2019da L\u00d6SEV Park\u0131 a\u00e7\u0131ld\u0131"},"content":{"rendered":"<p>Afyonkarahisar Belediyesi taraf\u0131ndan Sel\u00e7uklu Mahallesi \u015eehit \u0130rfan Sefa Caddesi \u00fczerinde yer alan parka \u2018L\u00d6SEV Park\u0131\u2019 ismi verildi.<br \/>\n<br \/>\u0130sim verilme t\u00f6reninde l\u00f6semi ile m\u00fccadele eden \u00e7ocuklara g\u00fczel dileklerini ileten Belediye Ba\u015fkan\u0131 Burcu K\u00f6ksal, &#8220;L\u00d6SEV Park\u0131, l\u00f6semiyle m\u00fccadele eden \u00e7ocuklar\u0131m\u0131z\u0131n, ailelerinin, g\u00f6n\u00fcll\u00fclerin ve L\u00d6SEV\u2019in b\u00fcy\u00fck \u00e7abas\u0131n\u0131n bir simgesi olacakt\u0131r. Her a\u011fac\u0131nda, her oyun alan\u0131nda, \u00e7ocuklar\u0131m\u0131z\u0131n g\u00fcl\u00fc\u015fleriyle birlikte ya\u015fama sevincini hat\u0131rlayaca\u011f\u0131m\u0131z bir park buras\u0131. Ge\u00e7ti\u011fimiz Ramazan ay\u0131nda L\u00d6SEV\u2019in d\u00fczenledi\u011fi iftar program\u0131nda, o p\u0131r\u0131l p\u0131r\u0131l \u00e7ocuklar\u0131m\u0131zla, iyile\u015fmi\u015f gen\u00e7lerimizle ve aileleriyle bir aradayd\u0131k. O g\u00fcn g\u00f6zlerinde g\u00f6rd\u00fc\u011f\u00fcm umut \u0131\u015f\u0131\u011f\u0131, bug\u00fcn bu park\u0131n ad\u0131nda yeniden parl\u0131yor. G\u00fc\u00e7l\u00fc, m\u00fccadeleci ve y\u00fcrekli \u00e7ocuklar\u0131m\u0131z\u0131n \u0131\u015f\u0131\u011f\u0131, hepimize yol g\u00f6steriyor&#8221; dedi.<br \/>\n<br \/>Toplam 3 bin 3 y\u00fcz metrekarelik geni\u015f bir alana sahip olan L\u00d6SEV Park\u0131; 3 y\u00fcz metrekarelik \u00e7ocuk oyun alan\u0131 ve fitness grubu, 7 y\u00fcz metrekarelik hal\u0131 saha, 350 metrekarelik basketbol sahas\u0131 ve 5 y\u00fcz metrelik tartan pist y\u00fcr\u00fcy\u00fc\u015f yolu ile her ya\u015ftan vatanda\u015f\u0131n keyifle vakit ge\u00e7irebilece\u011fi modern bir ya\u015fam alan\u0131 sunuyor.<br \/><\/p>\n","protected":false},"excerpt":{"rendered":"<p>Afyonkarahisar Belediyesi taraf\u0131ndan Sel\u00e7uklu Mahallesi \u015eehit \u0130rfan Sefa Caddesi \u00fczerinde yer alan parka \u2018L\u00d6SEV Park\u0131\u2019 ismi verildi. \u0130sim verilme t\u00f6reninde l\u00f6semi ile m\u00fccadele eden \u00e7ocuklara g\u00fczel dileklerini ileten Belediye Ba\u015fkan\u0131 Burcu K\u00f6ksal, &#8220;L\u00d6SEV Park\u0131, l\u00f6semiyle m\u00fccadele eden \u00e7ocuklar\u0131m\u0131z\u0131n, ailelerinin, g\u00f6n\u00fcll\u00fclerin ve L\u00d6SEV\u2019in b\u00fcy\u00fck \u00e7abas\u0131n\u0131n bir simgesi olacakt\u0131r. Her a\u011fac\u0131nda, her oyun alan\u0131nda, \u00e7ocuklar\u0131m\u0131z\u0131n g\u00fcl\u00fc\u015fleriyle birlikte&#8230;<\/p>\n","protected":false},"author":1,"featured_media":65914,"comment_status":"open","ping_status":"open","sticky":false,"template":"","format":"standard","meta":{"_crdt_document":"","footnotes":""},"categories":[1],"tags":[],"class_list":["post-65913","post","type-post","status-publish","format-standard","has-post-thumbnail","hentry","category-guncel"],"_links":{"self":[{"href":"https:\/\/www.egemtv.com\/index.php?rest_route=\/wp\/v2\/posts\/65913","targetHints":{"allow":["GET"]}}],"collection":[{"href":"https:\/\/www.egemtv.com\/index.php?rest_route=\/wp\/v2\/posts"}],"about":[{"href":"https:\/\/www.egemtv.com\/index.php?rest_route=\/wp\/v2\/types\/post"}],"author":[{"embeddable":true,"href":"https:\/\/www.egemtv.com\/index.php?rest_route=\/wp\/v2\/users\/1"}],"replies":[{"embeddable":true,"href":"https:\/\/www.egemtv.com\/index.php?rest_route=%2Fwp%2Fv2%2Fcomments&post=65913"}],"version-history":[{"count":1,"href":"https:\/\/www.egemtv.com\/index.php?rest_route=\/wp\/v2\/posts\/65913\/revisions"}],"predecessor-version":[{"id":65915,"href":"https:\/\/www.egemtv.com\/index.php?rest_route=\/wp\/v2\/posts\/65913\/revisions\/65915"}],"wp:featuredmedia":[{"embeddable":true,"href":"https:\/\/www.egemtv.com\/index.php?rest_route=\/wp\/v2\/media\/65914"}],"wp:attachment":[{"href":"https:\/\/www.egemtv.com\/index.php?rest_route=%2Fwp%2Fv2%2Fmedia&parent=65913"}],"wp:term":[{"taxonomy":"category","embeddable":true,"href":"https:\/\/www.egemtv.com\/index.php?rest_route=%2Fwp%2Fv2%2Fcategories&post=65913"},{"taxonomy":"post_tag","embeddable":true,"href":"https:\/\/www.egemtv.com\/index.php?rest_route=%2Fwp%2Fv2%2Ftags&post=65913"}],"curies":[{"name":"wp","href":"https:\/\/api.w.org\/{rel}","templated":true}]}}