{"id":65910,"date":"2025-11-05T12:36:08","date_gmt":"2025-11-05T09:36:08","guid":{"rendered":"https:\/\/www.egemtv.com\/?p=65910"},"modified":"2025-11-05T12:36:10","modified_gmt":"2025-11-05T09:36:10","slug":"kent-meydaninda-deprem-tatbikati-yapildi","status":"publish","type":"post","link":"https:\/\/www.egemtv.com\/?p=65910","title":{"rendered":"Kent Meydan\u0131nda deprem tatbikat\u0131 yap\u0131ld\u0131"},"content":{"rendered":"<p>Afyonkarahisar Valili\u011fi himayelerinde y\u00fcr\u00fct\u00fclen ve engelli bireylerin afetlere kar\u015f\u0131 haz\u0131rl\u0131k d\u00fczeyini art\u0131rmay\u0131 hedefleyen &#8220;fark\u0131Mda m\u0131s\u0131n?&#8221; projesi \u00e7er\u00e7evesinde Zafer Kent Meydan\u0131\u2019nda deprem tatbikat\u0131 ger\u00e7ekle\u015ftirildi.<br \/>\n<br \/>Avrupa Birli\u011fi (AB) taraf\u0131ndan finanse edilen ve Birle\u015fmi\u015f Milletler Kalk\u0131nma Program\u0131 (UNDP) taraf\u0131ndan uygulanan proje, \u2018T\u00fcrkiye\u2019de Demokratik Yerel Y\u00f6neti\u015fimin Geli\u015ftirilmesi i\u00e7in Sivil Kat\u0131l\u0131m\u0131n G\u00fc\u00e7lendirilmesi Projesi\u2019 \u00e7er\u00e7evesinde destekleniyor. Afyonkarahisar Valili\u011fi himayesinde y\u00fcr\u00fct\u00fclen projenin hibe yararlan\u0131c\u0131s\u0131 Kent ve \u0130nsan Derne\u011fi olurken, uygulama s\u00fcrecinde Afyonkarahisar \u0130l Afet ve Acil Durum M\u00fcd\u00fcrl\u00fc\u011f\u00fc, Afyonkarahisar Belediyesi ortakl\u0131\u011f\u0131 ve Afyon Kocatepe \u00dcniversitesi i\u015f birli\u011fiyle \u00e7al\u0131\u015fmalar y\u00fcr\u00fct\u00fcld\u00fc\u011f\u00fc belirtildi.<br \/><\/p>\n","protected":false},"excerpt":{"rendered":"<p>Afyonkarahisar Valili\u011fi himayelerinde y\u00fcr\u00fct\u00fclen ve engelli bireylerin afetlere kar\u015f\u0131 haz\u0131rl\u0131k d\u00fczeyini art\u0131rmay\u0131 hedefleyen &#8220;fark\u0131Mda m\u0131s\u0131n?&#8221; projesi \u00e7er\u00e7evesinde Zafer Kent Meydan\u0131\u2019nda deprem tatbikat\u0131 ger\u00e7ekle\u015ftirildi. Avrupa Birli\u011fi (AB) taraf\u0131ndan finanse edilen ve Birle\u015fmi\u015f Milletler Kalk\u0131nma Program\u0131 (UNDP) taraf\u0131ndan uygulanan proje, \u2018T\u00fcrkiye\u2019de Demokratik Yerel Y\u00f6neti\u015fimin Geli\u015ftirilmesi i\u00e7in Sivil Kat\u0131l\u0131m\u0131n G\u00fc\u00e7lendirilmesi Projesi\u2019 \u00e7er\u00e7evesinde destekleniyor. Afyonkarahisar Valili\u011fi himayesinde y\u00fcr\u00fct\u00fclen projenin&#8230;<\/p>\n","protected":false},"author":1,"featured_media":65911,"comment_status":"open","ping_status":"open","sticky":false,"template":"","format":"standard","meta":{"_crdt_document":"","footnotes":""},"categories":[1],"tags":[],"class_list":["post-65910","post","type-post","status-publish","format-standard","has-post-thumbnail","hentry","category-guncel"],"_links":{"self":[{"href":"https:\/\/www.egemtv.com\/index.php?rest_route=\/wp\/v2\/posts\/65910","targetHints":{"allow":["GET"]}}],"collection":[{"href":"https:\/\/www.egemtv.com\/index.php?rest_route=\/wp\/v2\/posts"}],"about":[{"href":"https:\/\/www.egemtv.com\/index.php?rest_route=\/wp\/v2\/types\/post"}],"author":[{"embeddable":true,"href":"https:\/\/www.egemtv.com\/index.php?rest_route=\/wp\/v2\/users\/1"}],"replies":[{"embeddable":true,"href":"https:\/\/www.egemtv.com\/index.php?rest_route=%2Fwp%2Fv2%2Fcomments&post=65910"}],"version-history":[{"count":1,"href":"https:\/\/www.egemtv.com\/index.php?rest_route=\/wp\/v2\/posts\/65910\/revisions"}],"predecessor-version":[{"id":65912,"href":"https:\/\/www.egemtv.com\/index.php?rest_route=\/wp\/v2\/posts\/65910\/revisions\/65912"}],"wp:featuredmedia":[{"embeddable":true,"href":"https:\/\/www.egemtv.com\/index.php?rest_route=\/wp\/v2\/media\/65911"}],"wp:attachment":[{"href":"https:\/\/www.egemtv.com\/index.php?rest_route=%2Fwp%2Fv2%2Fmedia&parent=65910"}],"wp:term":[{"taxonomy":"category","embeddable":true,"href":"https:\/\/www.egemtv.com\/index.php?rest_route=%2Fwp%2Fv2%2Fcategories&post=65910"},{"taxonomy":"post_tag","embeddable":true,"href":"https:\/\/www.egemtv.com\/index.php?rest_route=%2Fwp%2Fv2%2Ftags&post=65910"}],"curies":[{"name":"wp","href":"https:\/\/api.w.org\/{rel}","templated":true}]}}