{"id":65907,"date":"2025-11-05T12:36:06","date_gmt":"2025-11-05T09:36:06","guid":{"rendered":"https:\/\/www.egemtv.com\/?p=65907"},"modified":"2025-11-05T12:36:07","modified_gmt":"2025-11-05T09:36:07","slug":"trenin-carptigi-kamyonet-paramparca-oldu","status":"publish","type":"post","link":"https:\/\/www.egemtv.com\/?p=65907","title":{"rendered":"Trenin \u00e7arpt\u0131\u011f\u0131 kamyonet parampar\u00e7a oldu"},"content":{"rendered":"<p>Ayd\u0131n\u2019\u0131n Efeler il\u00e7esi yak\u0131nlar\u0131nda meydana gelen kazada yolcu treninin \u00e7arpt\u0131\u011f\u0131 kamyonet parampar\u00e7a oldu. G\u00f6renleri \u015fa\u015fk\u0131na \u00e7eviren kazada yakla\u015f\u0131k 50 metre s\u00fcr\u00fcklendikten sonra incir bah\u00e7esine savrulan kamyonetin s\u00fcr\u00fcc\u00fcs\u00fc yaral\u0131 olarak kurtuldu.<br \/>\n<br \/>Kaza saat 10.45 s\u0131ralar\u0131nda Efeler il\u00e7esi Ser\u00e7ek\u00f6y Mahallesi\u2019nde bulunan Tozkoparan \u00c7iftli\u011fi\u2019ne \u00f6zel hemzemin ge\u00e7itte meydana geldi. Sadece \u00e7iftli\u011fe giri\u015f \u00e7\u0131k\u0131\u015flarda kullan\u0131lan ve ki\u015fiye \u00f6zel olarak a\u00e7\u0131ld\u0131\u011f\u0131 \u00f6\u011frenilen hemzemin ge\u00e7itten ge\u00e7mekte olan Ertan S. y\u00f6netimindeki 09 AAG 403 plakal\u0131 kamyonete, \u0130zmir-Denizli seferini yapan 32701 sefer say\u0131l\u0131 M.C. idaresindeki yolcu treni \u00e7arpt\u0131. \u00c7arpman\u0131n etkisiyle yakla\u015f\u0131k 50 metre s\u00fcr\u00fcklenen kamyonet daha sonra incir bah\u00e7esine savrularak ters d\u00f6nd\u00fc. Kazay\u0131 g\u00f6renlerin ihbar\u0131 \u00fczerine olay yerine gelen kurtarma ve sa\u011fl\u0131k ekipleri yaral\u0131 s\u00fcr\u00fcc\u00fcy\u00fc kamyonetten \u00e7\u0131kararak hastaneye kald\u0131rd\u0131. Kazada yaralanan s\u00fcr\u00fcc\u00fcn\u00fcn Tozkoparan \u00c7iftli\u011fi\u2019nde \u00e7al\u0131\u015ft\u0131\u011f\u0131 \u00f6\u011frenilirken, hemzemin ge\u00e7idinin de \u00e7iftli\u011fe \u00f6zel oldu\u011fu \u00f6\u011frenildi.<br \/>\n<br \/>Kazadan sonra tren seferleri k\u0131sa s\u00fcreli\u011fine durdu\u011fu i\u00e7in trendeki baz\u0131 yolcular trenden inerek gidecekleri istikamete kara yolu ile devam etti. G\u00fcvenlik g\u00fc\u00e7leri taraf\u0131ndan el konulan kazayla ilgili soru\u015fturma ba\u015flat\u0131ld\u0131.<br \/><\/p>\n","protected":false},"excerpt":{"rendered":"<p>Ayd\u0131n\u2019\u0131n Efeler il\u00e7esi yak\u0131nlar\u0131nda meydana gelen kazada yolcu treninin \u00e7arpt\u0131\u011f\u0131 kamyonet parampar\u00e7a oldu. G\u00f6renleri \u015fa\u015fk\u0131na \u00e7eviren kazada yakla\u015f\u0131k 50 metre s\u00fcr\u00fcklendikten sonra incir bah\u00e7esine savrulan kamyonetin s\u00fcr\u00fcc\u00fcs\u00fc yaral\u0131 olarak kurtuldu. Kaza saat 10.45 s\u0131ralar\u0131nda Efeler il\u00e7esi Ser\u00e7ek\u00f6y Mahallesi\u2019nde bulunan Tozkoparan \u00c7iftli\u011fi\u2019ne \u00f6zel hemzemin ge\u00e7itte meydana geldi. Sadece \u00e7iftli\u011fe giri\u015f \u00e7\u0131k\u0131\u015flarda kullan\u0131lan ve ki\u015fiye \u00f6zel olarak&#8230;<\/p>\n","protected":false},"author":1,"featured_media":65908,"comment_status":"open","ping_status":"open","sticky":false,"template":"","format":"standard","meta":{"_crdt_document":"","footnotes":""},"categories":[5],"tags":[],"class_list":["post-65907","post","type-post","status-publish","format-standard","has-post-thumbnail","hentry","category-asayis"],"_links":{"self":[{"href":"https:\/\/www.egemtv.com\/index.php?rest_route=\/wp\/v2\/posts\/65907","targetHints":{"allow":["GET"]}}],"collection":[{"href":"https:\/\/www.egemtv.com\/index.php?rest_route=\/wp\/v2\/posts"}],"about":[{"href":"https:\/\/www.egemtv.com\/index.php?rest_route=\/wp\/v2\/types\/post"}],"author":[{"embeddable":true,"href":"https:\/\/www.egemtv.com\/index.php?rest_route=\/wp\/v2\/users\/1"}],"replies":[{"embeddable":true,"href":"https:\/\/www.egemtv.com\/index.php?rest_route=%2Fwp%2Fv2%2Fcomments&post=65907"}],"version-history":[{"count":1,"href":"https:\/\/www.egemtv.com\/index.php?rest_route=\/wp\/v2\/posts\/65907\/revisions"}],"predecessor-version":[{"id":65909,"href":"https:\/\/www.egemtv.com\/index.php?rest_route=\/wp\/v2\/posts\/65907\/revisions\/65909"}],"wp:featuredmedia":[{"embeddable":true,"href":"https:\/\/www.egemtv.com\/index.php?rest_route=\/wp\/v2\/media\/65908"}],"wp:attachment":[{"href":"https:\/\/www.egemtv.com\/index.php?rest_route=%2Fwp%2Fv2%2Fmedia&parent=65907"}],"wp:term":[{"taxonomy":"category","embeddable":true,"href":"https:\/\/www.egemtv.com\/index.php?rest_route=%2Fwp%2Fv2%2Fcategories&post=65907"},{"taxonomy":"post_tag","embeddable":true,"href":"https:\/\/www.egemtv.com\/index.php?rest_route=%2Fwp%2Fv2%2Ftags&post=65907"}],"curies":[{"name":"wp","href":"https:\/\/api.w.org\/{rel}","templated":true}]}}