{"id":65904,"date":"2025-11-05T12:14:47","date_gmt":"2025-11-05T09:14:47","guid":{"rendered":"https:\/\/www.egemtv.com\/?p=65904"},"modified":"2025-11-05T12:14:48","modified_gmt":"2025-11-05T09:14:48","slug":"yasav-egitim-bir-sen-65-baskanlar-kurulu-toplantisini-degerlendirdi","status":"publish","type":"post","link":"https:\/\/www.egemtv.com\/?p=65904","title":{"rendered":"Yasav, E\u011fitim-Bir Sen 65. Ba\u015fkanlar Kurulu toplant\u0131s\u0131n\u0131 de\u011ferlendirdi"},"content":{"rendered":"<p>E\u011fitim-Bir-Sen Manisa 1 No\u2019lu \u015eube Ba\u015fkan\u0131 Ahmet Yasav, Antalya\u2019da d\u00fczenlenen 20. T\u00fcrkiye Bulu\u015fmas\u0131\u2019n\u0131n ard\u0131ndan ger\u00e7ekle\u015ftirilen E\u011fitim-Bir-Sen 65. Ba\u015fkanlar Kurulu Toplant\u0131s\u0131nda, kamu g\u00f6revlilerinin kay\u0131plar\u0131n\u0131n giderilmesi i\u00e7in ba\u015fta yeni toplu s\u00f6zle\u015fme d\u00fczenlemesi olmak \u00fczere \u00f6nemli taleplerin g\u00fcndeme ta\u015f\u0131nd\u0131\u011f\u0131n\u0131 s\u00f6yledi.<br \/>\n<br \/>E\u011fitim-Bir-Sen Manisa 1 No\u2019lu \u015eube Ba\u015fkan\u0131 Ahmet Yasav, Antalya\u2019da ger\u00e7ekle\u015ftirilen 65. Ba\u015fkanlar Kurulu\u2019nda, kamu g\u00f6revlilerinin kay\u0131plar\u0131n\u0131n 2026 b\u00fct\u00e7esine eklenmesi ve sendikal haklar\u0131n g\u00fc\u00e7lendirilmesi i\u00e7in yeni toplu s\u00f6zle\u015fme yasas\u0131n\u0131n zorunlu hale geldi\u011fini vurgulad\u0131.<br \/>\n<br \/>Genel Ba\u015fkan Ali Yal\u00e7\u0131n ba\u015fkanl\u0131\u011f\u0131nda yap\u0131lan toplant\u0131ya, \u015fube y\u00f6netimleri, il\u00e7e temsilcilikleri ve kad\u0131n komisyonlar\u0131n\u0131n da aralar\u0131nda bulundu\u011fu 2 bini a\u015fk\u0131n te\u015fkilat y\u00f6neticisi kat\u0131ld\u0131. Toplant\u0131da, 8. D\u00f6nem Toplu S\u00f6zle\u015fme s\u00fcreci, e\u011fitim \u00e7al\u0131\u015fanlar\u0131n\u0131n sorunlar\u0131, sendikal politikalar, \u00fclke ve d\u00fcnya g\u00fcndemi ele al\u0131nd\u0131.<br \/>\n<br \/>Toplant\u0131n\u0131n, t\u00fcm kat\u0131l\u0131mc\u0131lar\u0131n katk\u0131lar\u0131yla haz\u0131rlanan 65. Ba\u015fkanlar Kurulu Sonu\u00e7 Bildirgesi\u2019nin yay\u0131mlanmas\u0131yla sona erdi\u011fini aktaran \u015eube Ba\u015fkan\u0131 Yasav, bildirgede yer alan taleplerin e\u011fitim \u00e7al\u0131\u015fanlar\u0131n\u0131n beklentilerini yans\u0131tt\u0131\u011f\u0131n\u0131 ifade etti.<\/p>\n<p>&#8220;Yeni bir sendika ve toplu s\u00f6zle\u015fme kanunu ka\u00e7\u0131n\u0131lmaz&#8221;<br \/>\n<br \/>Bildirgede, 8. D\u00f6nem Toplu S\u00f6zle\u015fme g\u00f6r\u00fc\u015fmelerinin kamu i\u015fvereninin uzla\u015fmaz tavr\u0131 nedeniyle mutabakats\u0131zl\u0131kla sonu\u00e7land\u0131\u011f\u0131n\u0131 vurgulayan Yasav, ILO normlar\u0131na uygun, eme\u011fin kar\u015f\u0131l\u0131\u011f\u0131n\u0131 g\u00fcvence alt\u0131na alacak yeni bir sendika ve toplu s\u00f6zle\u015fme kanunu \u00e7a\u011fr\u0131s\u0131 yap\u0131ld\u0131\u011f\u0131n\u0131 belirtti.<br \/>\n<br \/>Bildirgede, TBMM\u2019de devam eden b\u00fct\u00e7e g\u00f6r\u00fc\u015fmelerine de dikkat \u00e7ekildi\u011fini ifade eden Yasav, kamu g\u00f6revlilerinin kay\u0131plar\u0131n\u0131n kar\u015f\u0131lanmas\u0131 i\u00e7in gerekli maddelerin 2026 Y\u0131l\u0131 Merkezi Y\u00f6netim B\u00fct\u00e7e Kanunu\u2019na eklenmesinin talep edildi\u011fini ve ayr\u0131ca kamu g\u00f6revlilerinin a\u011f\u0131rla\u015fan ya\u015fam \u015fartlar\u0131 nedeniyle kira yard\u0131m\u0131 yap\u0131lmas\u0131n\u0131n zorunlu hale geldi\u011finin alt\u0131n\u0131n \u00e7izildi\u011fini s\u00f6yledi.<\/p>\n<p>G\u00fcndemde 20 madde<br \/>\n<br \/>Ba\u015fkanlar Kurulu Sonu\u00e7 Bildirgesi ile i\u015fgal, insan haklar\u0131 ihlalleri ve k\u00fcresel adaletsizlik konular\u0131 da g\u00fcndeme ta\u015f\u0131nd\u0131\u011f\u0131n\u0131 aktaran Yasav, Gazze ve Bat\u0131 \u015eeria\u2019da \u0130srail\u2019in s\u00fcrd\u00fcrd\u00fc\u011f\u00fc sald\u0131r\u0131lar k\u0131nan\u0131rken, mazlum halklara y\u00f6nelik her t\u00fcrl\u00fc zulme kar\u015f\u0131 uluslararas\u0131 topluma sorumluluk \u00e7a\u011fr\u0131s\u0131 yap\u0131ld\u0131\u011f\u0131n\u0131 belirtti.<br \/>\n<br \/>Yasav, toplant\u0131da al\u0131nan 20 maddelik kararda ise &#8220;Yeni toplu s\u00f6zle\u015fme ve sendika kanunu gereklili\u011fi, kamu g\u00f6revlilerinin \u00fccret kay\u0131plar\u0131n\u0131n giderilmesi, 3600 ek g\u00f6sterge d\u00fczenlemesi, \u00f6\u011fretmen atamalar\u0131 ve adil yer de\u011fi\u015ftirme talepleri, e\u011fitim y\u00f6neticili\u011finde liyakat vurgusu, akademik ve idari personel haklar\u0131n\u0131n iyile\u015ftirilmesi, \u00fcniversite personelinin merkezi yer de\u011fi\u015fikli\u011fi d\u00fczenlemesinin hayata ge\u00e7irilmesi&#8221; gibi ba\u015fl\u0131klar\u0131n \u00f6ne \u00e7\u0131kt\u0131\u011f\u0131n\u0131 bildirdi.<\/p>\n<p>&#8220;M\u00fccadelemiz devam edecek&#8221;<br \/>\n<br \/>E\u011fitim-Bir-Sen\u2019in bug\u00fcne kadar oldu\u011fu gibi bundan sonra da insan haklar\u0131, adalet ve \u00f6rg\u00fctlenme \u00f6zg\u00fcrl\u00fc\u011f\u00fc konusunda m\u00fccadelesini s\u00fcrd\u00fcrece\u011fini belirten Yasav, &#8220;Kamu g\u00f6revlilerinin hak kay\u0131plar\u0131n\u0131n \u00f6nlenmesi, yeni haklar\u0131n kazan\u0131lmas\u0131 ve toplumsal adaletin sa\u011flanmas\u0131 i\u00e7in sendikal m\u00fccadelemizi kararl\u0131l\u0131kla devam ettirece\u011fiz&#8221; dedi.<br \/>\n<br \/>Yasav, bildirgede yer alan maddelerin uygulanmas\u0131 i\u00e7in takip\u00e7i olacaklar\u0131n\u0131n da alt\u0131n\u0131 \u00e7izdi.<br \/><\/p>\n","protected":false},"excerpt":{"rendered":"<p>E\u011fitim-Bir-Sen Manisa 1 No\u2019lu \u015eube Ba\u015fkan\u0131 Ahmet Yasav, Antalya\u2019da d\u00fczenlenen 20. T\u00fcrkiye Bulu\u015fmas\u0131\u2019n\u0131n ard\u0131ndan ger\u00e7ekle\u015ftirilen E\u011fitim-Bir-Sen 65. Ba\u015fkanlar Kurulu Toplant\u0131s\u0131nda, kamu g\u00f6revlilerinin kay\u0131plar\u0131n\u0131n giderilmesi i\u00e7in ba\u015fta yeni toplu s\u00f6zle\u015fme d\u00fczenlemesi olmak \u00fczere \u00f6nemli taleplerin g\u00fcndeme ta\u015f\u0131nd\u0131\u011f\u0131n\u0131 s\u00f6yledi. E\u011fitim-Bir-Sen Manisa 1 No\u2019lu \u015eube Ba\u015fkan\u0131 Ahmet Yasav, Antalya\u2019da ger\u00e7ekle\u015ftirilen 65. Ba\u015fkanlar Kurulu\u2019nda, kamu g\u00f6revlilerinin kay\u0131plar\u0131n\u0131n 2026 b\u00fct\u00e7esine&#8230;<\/p>\n","protected":false},"author":1,"featured_media":65905,"comment_status":"open","ping_status":"open","sticky":false,"template":"","format":"standard","meta":{"_crdt_document":"","footnotes":""},"categories":[1],"tags":[],"class_list":["post-65904","post","type-post","status-publish","format-standard","has-post-thumbnail","hentry","category-guncel"],"_links":{"self":[{"href":"https:\/\/www.egemtv.com\/index.php?rest_route=\/wp\/v2\/posts\/65904","targetHints":{"allow":["GET"]}}],"collection":[{"href":"https:\/\/www.egemtv.com\/index.php?rest_route=\/wp\/v2\/posts"}],"about":[{"href":"https:\/\/www.egemtv.com\/index.php?rest_route=\/wp\/v2\/types\/post"}],"author":[{"embeddable":true,"href":"https:\/\/www.egemtv.com\/index.php?rest_route=\/wp\/v2\/users\/1"}],"replies":[{"embeddable":true,"href":"https:\/\/www.egemtv.com\/index.php?rest_route=%2Fwp%2Fv2%2Fcomments&post=65904"}],"version-history":[{"count":1,"href":"https:\/\/www.egemtv.com\/index.php?rest_route=\/wp\/v2\/posts\/65904\/revisions"}],"predecessor-version":[{"id":65906,"href":"https:\/\/www.egemtv.com\/index.php?rest_route=\/wp\/v2\/posts\/65904\/revisions\/65906"}],"wp:featuredmedia":[{"embeddable":true,"href":"https:\/\/www.egemtv.com\/index.php?rest_route=\/wp\/v2\/media\/65905"}],"wp:attachment":[{"href":"https:\/\/www.egemtv.com\/index.php?rest_route=%2Fwp%2Fv2%2Fmedia&parent=65904"}],"wp:term":[{"taxonomy":"category","embeddable":true,"href":"https:\/\/www.egemtv.com\/index.php?rest_route=%2Fwp%2Fv2%2Fcategories&post=65904"},{"taxonomy":"post_tag","embeddable":true,"href":"https:\/\/www.egemtv.com\/index.php?rest_route=%2Fwp%2Fv2%2Ftags&post=65904"}],"curies":[{"name":"wp","href":"https:\/\/api.w.org\/{rel}","templated":true}]}}