{"id":65898,"date":"2025-11-05T11:54:59","date_gmt":"2025-11-05T08:54:59","guid":{"rendered":"https:\/\/www.egemtv.com\/?p=65898"},"modified":"2025-11-05T11:55:00","modified_gmt":"2025-11-05T08:55:00","slug":"salihlide-bagimlilikla-mucadeleye-kararli-adim","status":"publish","type":"post","link":"https:\/\/www.egemtv.com\/?p=65898","title":{"rendered":"Salihli\u2019de ba\u011f\u0131ml\u0131l\u0131kla m\u00fccadeleye kararl\u0131 ad\u0131m"},"content":{"rendered":"<p>Manisa\u2019n\u0131n Salihli il\u00e7esinde ba\u011f\u0131ml\u0131l\u0131kla m\u00fccadele \u00e7al\u0131\u015fmalar\u0131 kapsam\u0131nda, Kaymakam Ali G\u00fcldo\u011fan ba\u015fkanl\u0131\u011f\u0131nda Ba\u011f\u0131ml\u0131l\u0131kla M\u00fccadele Toplant\u0131s\u0131 ger\u00e7ekle\u015ftirildi.<br \/>\n<br \/>Kaymakaml\u0131k toplant\u0131 salonunda yap\u0131lan toplant\u0131ya ilgili kurum amirleri kat\u0131ld\u0131. Toplant\u0131da; gen\u00e7lerin korunmas\u0131na y\u00f6nelik bilin\u00e7lendirme faaliyetleri, riskli b\u00f6lgelerde yap\u0131lacak \u00e7al\u0131\u015fmalar ve kurumlar aras\u0131 koordinasyon konular\u0131 geni\u015f kapsaml\u0131 olarak ele al\u0131nd\u0131.<br \/>\n<br \/>\u00d6zellikle \u00f6\u011frenciler, gen\u00e7 yeti\u015fkinler ve ailelere y\u00f6nelik e\u011fitim ve fark\u0131ndal\u0131k \u00e7al\u0131\u015fmalar\u0131 de\u011ferlendirilerek, il\u00e7ede y\u00fcr\u00fct\u00fclecek yeni projeler ve \u00f6nleyici tedbirler g\u00f6r\u00fc\u015f\u00fcld\u00fc.<br \/>\n<br \/>Kaymakam Ali G\u00fcldo\u011fan, ba\u011f\u0131ml\u0131l\u0131kla m\u00fccadelenin yaln\u0131zca g\u00fcvenlik boyutuyla de\u011fil; e\u011fitim, sa\u011fl\u0131k ve sosyal destek s\u00fcre\u00e7leriyle birlikte y\u00fcr\u00fct\u00fclmesi gerekti\u011fini vurgulad\u0131. G\u00fcldo\u011fan, &#8220;\u00c7ocuklar\u0131m\u0131z\u0131 ve gen\u00e7lerimizi her t\u00fcrl\u00fc tehditten uzak tutmak i\u00e7in m\u00fccadelemizi kararl\u0131l\u0131kla s\u00fcrd\u00fcrece\u011fiz.&#8221; dedi.<br \/>\n<br \/>Toplant\u0131, al\u0131nan kararlar\u0131n ve kurumlar aras\u0131 sorumluluk alanlar\u0131n\u0131n belirlenmesinin ard\u0131ndan sona erdi.<br \/><\/p>\n","protected":false},"excerpt":{"rendered":"<p>Manisa\u2019n\u0131n Salihli il\u00e7esinde ba\u011f\u0131ml\u0131l\u0131kla m\u00fccadele \u00e7al\u0131\u015fmalar\u0131 kapsam\u0131nda, Kaymakam Ali G\u00fcldo\u011fan ba\u015fkanl\u0131\u011f\u0131nda Ba\u011f\u0131ml\u0131l\u0131kla M\u00fccadele Toplant\u0131s\u0131 ger\u00e7ekle\u015ftirildi. Kaymakaml\u0131k toplant\u0131 salonunda yap\u0131lan toplant\u0131ya ilgili kurum amirleri kat\u0131ld\u0131. Toplant\u0131da; gen\u00e7lerin korunmas\u0131na y\u00f6nelik bilin\u00e7lendirme faaliyetleri, riskli b\u00f6lgelerde yap\u0131lacak \u00e7al\u0131\u015fmalar ve kurumlar aras\u0131 koordinasyon konular\u0131 geni\u015f kapsaml\u0131 olarak ele al\u0131nd\u0131. \u00d6zellikle \u00f6\u011frenciler, gen\u00e7 yeti\u015fkinler ve ailelere y\u00f6nelik e\u011fitim ve fark\u0131ndal\u0131k \u00e7al\u0131\u015fmalar\u0131&#8230;<\/p>\n","protected":false},"author":1,"featured_media":65899,"comment_status":"open","ping_status":"open","sticky":false,"template":"","format":"standard","meta":{"_crdt_document":"","footnotes":""},"categories":[5],"tags":[],"class_list":["post-65898","post","type-post","status-publish","format-standard","has-post-thumbnail","hentry","category-asayis"],"_links":{"self":[{"href":"https:\/\/www.egemtv.com\/index.php?rest_route=\/wp\/v2\/posts\/65898","targetHints":{"allow":["GET"]}}],"collection":[{"href":"https:\/\/www.egemtv.com\/index.php?rest_route=\/wp\/v2\/posts"}],"about":[{"href":"https:\/\/www.egemtv.com\/index.php?rest_route=\/wp\/v2\/types\/post"}],"author":[{"embeddable":true,"href":"https:\/\/www.egemtv.com\/index.php?rest_route=\/wp\/v2\/users\/1"}],"replies":[{"embeddable":true,"href":"https:\/\/www.egemtv.com\/index.php?rest_route=%2Fwp%2Fv2%2Fcomments&post=65898"}],"version-history":[{"count":1,"href":"https:\/\/www.egemtv.com\/index.php?rest_route=\/wp\/v2\/posts\/65898\/revisions"}],"predecessor-version":[{"id":65900,"href":"https:\/\/www.egemtv.com\/index.php?rest_route=\/wp\/v2\/posts\/65898\/revisions\/65900"}],"wp:featuredmedia":[{"embeddable":true,"href":"https:\/\/www.egemtv.com\/index.php?rest_route=\/wp\/v2\/media\/65899"}],"wp:attachment":[{"href":"https:\/\/www.egemtv.com\/index.php?rest_route=%2Fwp%2Fv2%2Fmedia&parent=65898"}],"wp:term":[{"taxonomy":"category","embeddable":true,"href":"https:\/\/www.egemtv.com\/index.php?rest_route=%2Fwp%2Fv2%2Fcategories&post=65898"},{"taxonomy":"post_tag","embeddable":true,"href":"https:\/\/www.egemtv.com\/index.php?rest_route=%2Fwp%2Fv2%2Ftags&post=65898"}],"curies":[{"name":"wp","href":"https:\/\/api.w.org\/{rel}","templated":true}]}}