{"id":65895,"date":"2025-11-05T11:54:58","date_gmt":"2025-11-05T08:54:58","guid":{"rendered":"https:\/\/www.egemtv.com\/?p=65895"},"modified":"2025-11-05T11:54:58","modified_gmt":"2025-11-05T08:54:58","slug":"izmir-can-hastanesiden-evde-saglikta-yeni-donem","status":"publish","type":"post","link":"https:\/\/www.egemtv.com\/?p=65895","title":{"rendered":"\u0130zmir Can Hastanesi\u2019den \u2019Evde Sa\u011fl\u0131k\u2019ta yeni d\u00f6nem"},"content":{"rendered":"<p>\u0130zmir\u2019in k\u00f6kl\u00fc sa\u011fl\u0131k kurulu\u015flar\u0131ndan \u0130zmir Can Hastanesi, hastalar\u0131n hastaneye gelmeden profesyonel sa\u011fl\u0131k hizmeti alabilmesini sa\u011flayan Evde Sa\u011fl\u0131k Hizmetleri Birimi ile dikkat \u00e7ekiyor.<br \/>\n<br \/>Evde Sa\u011fl\u0131k Hizmeti; muayene, tetkik, tedavi, pansuman, enjeksiyon, serum tak\u0131lmas\u0131, laboratuvar \u00f6rneklerinin al\u0131nmas\u0131 ve kronik hastal\u0131k takibi gibi bir\u00e7ok hizmeti kaps\u0131yor. B\u00f6ylece, \u00f6zellikle ya\u015fl\u0131, yata\u011fa ba\u011f\u0131ml\u0131 veya kronik hastal\u0131\u011f\u0131 bulunan bireyler, hastaneye gitmek zorunda kalmadan kendi evlerinde g\u00fcvenle sa\u011fl\u0131k hizmeti alabiliyor.<br \/>\n<br \/>\u0130zmir Can Hastanesi Evde Sa\u011fl\u0131k Birimi Sorumlusu Dr. Onur Duygu, konuyla ilgili yapt\u0131\u011f\u0131 a\u00e7\u0131klamada \u015funlar\u0131 s\u00f6yledi: &#8220;Evde Sa\u011fl\u0131k hizmetimizle, hastalar\u0131m\u0131z\u0131n konforunu ve g\u00fcvenli\u011fini \u00f6n planda tutuyoruz. Amac\u0131m\u0131z, sa\u011fl\u0131k hizmetini ev ortam\u0131na ta\u015f\u0131yarak iyile\u015fme s\u00fcrecine katk\u0131 sa\u011flamak. 7 g\u00fcn 24 saat ula\u015f\u0131labilir yap\u0131m\u0131zla \u0130zmir\u2019in her noktas\u0131na hizmet veriyoruz.&#8221;<br \/>\n<br \/>Evde Sa\u011fl\u0131k ekibi, hastalar\u0131n ihtiya\u00e7lar\u0131na g\u00f6re ki\u015fiselle\u015ftirilmi\u015f bak\u0131m planlar\u0131 olu\u015fturuyor ve s\u00fcre\u00e7 boyunca hekim kontrol\u00fcnde takip sa\u011fl\u0131yor. Hastaneye gelemeyen hastalar, &#8220;Evde Sa\u011fl\u0131k Hatt\u0131&#8221; \u00fczerinden randevu alarak bu hizmetten kolayca faydalanabiliyor.<\/p>\n<p>7\/24 Ula\u015f\u0131labilirlik<br \/>\n<br \/>Evde Sa\u011fl\u0131k Birimi, haftan\u0131n her g\u00fcn\u00fc ve g\u00fcn\u00fcn her saati hizmet sunuyor. Hastalar detayl\u0131 bilgi ve randevu i\u00e7in 0232 715 40 00 ya da 0532 064 15 57 \u00fczerinden ileti\u015fime ge\u00e7ebiliyor.<br \/><\/p>\n","protected":false},"excerpt":{"rendered":"<p>\u0130zmir\u2019in k\u00f6kl\u00fc sa\u011fl\u0131k kurulu\u015flar\u0131ndan \u0130zmir Can Hastanesi, hastalar\u0131n hastaneye gelmeden profesyonel sa\u011fl\u0131k hizmeti alabilmesini sa\u011flayan Evde Sa\u011fl\u0131k Hizmetleri Birimi ile dikkat \u00e7ekiyor. Evde Sa\u011fl\u0131k Hizmeti; muayene, tetkik, tedavi, pansuman, enjeksiyon, serum tak\u0131lmas\u0131, laboratuvar \u00f6rneklerinin al\u0131nmas\u0131 ve kronik hastal\u0131k takibi gibi bir\u00e7ok hizmeti kaps\u0131yor. B\u00f6ylece, \u00f6zellikle ya\u015fl\u0131, yata\u011fa ba\u011f\u0131ml\u0131 veya kronik hastal\u0131\u011f\u0131 bulunan bireyler, hastaneye gitmek&#8230;<\/p>\n","protected":false},"author":1,"featured_media":65896,"comment_status":"open","ping_status":"open","sticky":false,"template":"","format":"standard","meta":{"_crdt_document":"","footnotes":""},"categories":[2],"tags":[],"class_list":["post-65895","post","type-post","status-publish","format-standard","has-post-thumbnail","hentry","category-saglik"],"_links":{"self":[{"href":"https:\/\/www.egemtv.com\/index.php?rest_route=\/wp\/v2\/posts\/65895","targetHints":{"allow":["GET"]}}],"collection":[{"href":"https:\/\/www.egemtv.com\/index.php?rest_route=\/wp\/v2\/posts"}],"about":[{"href":"https:\/\/www.egemtv.com\/index.php?rest_route=\/wp\/v2\/types\/post"}],"author":[{"embeddable":true,"href":"https:\/\/www.egemtv.com\/index.php?rest_route=\/wp\/v2\/users\/1"}],"replies":[{"embeddable":true,"href":"https:\/\/www.egemtv.com\/index.php?rest_route=%2Fwp%2Fv2%2Fcomments&post=65895"}],"version-history":[{"count":1,"href":"https:\/\/www.egemtv.com\/index.php?rest_route=\/wp\/v2\/posts\/65895\/revisions"}],"predecessor-version":[{"id":65897,"href":"https:\/\/www.egemtv.com\/index.php?rest_route=\/wp\/v2\/posts\/65895\/revisions\/65897"}],"wp:featuredmedia":[{"embeddable":true,"href":"https:\/\/www.egemtv.com\/index.php?rest_route=\/wp\/v2\/media\/65896"}],"wp:attachment":[{"href":"https:\/\/www.egemtv.com\/index.php?rest_route=%2Fwp%2Fv2%2Fmedia&parent=65895"}],"wp:term":[{"taxonomy":"category","embeddable":true,"href":"https:\/\/www.egemtv.com\/index.php?rest_route=%2Fwp%2Fv2%2Fcategories&post=65895"},{"taxonomy":"post_tag","embeddable":true,"href":"https:\/\/www.egemtv.com\/index.php?rest_route=%2Fwp%2Fv2%2Ftags&post=65895"}],"curies":[{"name":"wp","href":"https:\/\/api.w.org\/{rel}","templated":true}]}}