{"id":65892,"date":"2025-11-05T11:54:56","date_gmt":"2025-11-05T08:54:56","guid":{"rendered":"https:\/\/www.egemtv.com\/?p=65892"},"modified":"2025-11-05T11:54:57","modified_gmt":"2025-11-05T08:54:57","slug":"buldanin-tescilli-kestanesinde-hasat-zamani","status":"publish","type":"post","link":"https:\/\/www.egemtv.com\/?p=65892","title":{"rendered":"Buldan\u2019\u0131n tescilli kestanesinde hasat zaman\u0131"},"content":{"rendered":"<p>Denizli\u2019nin Buldan il\u00e7esinde co\u011frafi i\u015faretli \u015eekerci cinsi Aland\u0131z kestanesinde hasat ba\u015flad\u0131. Zor ve emek isteyen hasatta i\u015f\u00e7i bulmakta zorland\u0131klar\u0131n\u0131 belirten \u00fcreticiler, bu y\u0131l verimin iyi oldu\u011funu s\u00f6yl\u00fcyor. B\u00f6lge kestanesine yo\u011fun talep oldu\u011funu ifade eden \u00fcreticiler, bereketli bir sezon ge\u00e7irmeyi umut ediyor.<\/p>\n<p>Denizli\u2019nin Buldan il\u00e7esinde, Buldan Ziraat Odas\u0131 taraf\u0131ndan co\u011frafi i\u015faret patenti al\u0131nan d\u00fcnyaca \u00fcnl\u00fc \u015eekerci cinsi Aland\u0131z kestanesinde \u00fcreticiler hasada ba\u015flad\u0131. Dikenli yap\u0131s\u0131 nedeniyle s\u0131r\u0131klarla a\u011fa\u00e7lardan d\u00fc\u015f\u00fcr\u00fclen kestaneler, topland\u0131ktan sonra belirli bir s\u00fcre kuyularda dinlendirmeye b\u0131rak\u0131l\u0131yor. Hasat s\u0131ras\u0131nda metrelerce y\u00fcksekli\u011fe \u00e7\u0131kan \u00fcreticiler, hem \u00e7al\u0131\u015facak eleman bulmakta zorland\u0131klar\u0131n\u0131 hem de yap\u0131lan i\u015fin b\u00fcy\u00fck cesaret ve dikkat gerektirdi\u011fini belirtiyor.<br \/>\n<br \/>Buldan genelinde yakla\u015f\u0131k 19 bin kestane a\u011fac\u0131 bulunuyor. 2024 y\u0131l\u0131nda bin 300 dekar alanda 385 ton kestane \u00fcretimi ger\u00e7ekle\u015ftirildi. A\u011fa\u00e7 ba\u015f\u0131na ortalama 30 kilogram verim elde edilirken, bu y\u0131l da verimin benzer seviyelerde olaca\u011f\u0131 tahmin ediliyor.<\/p>\n<p>&#8220;B\u00f6lgemizin kestanesine talep \u00e7ok oluyor&#8221;<br \/>\n<br \/>Topland\u0131ktan sonra yakla\u015f\u0131k 20 ila 25 g\u00fcn aras\u0131nda dinlenmeye b\u0131rak\u0131lan kestaneleri e\u011frelti otlar\u0131yla \u00f6rtt\u00fcklerini dile getiren kestane \u00fcreticisi Sefa Karaka\u015f &#8220;Bu s\u00fcrede bizim kuzuluk dedi\u011fimiz tepeci\u011fi suluyoruz. Burada yap\u0131lan i\u015flemle kestanemiz istedi\u011fimiz tat ve aromaya ula\u015f\u0131yor. Bu s\u00fcre i\u00e7inde bekleyen kestanelerimizi daha sonra elle veya makinayla dikenli kabu\u011fundan ay\u0131r\u0131yoruz. Yemesi \u00e7ok keyifli ancak \u00fcretimi olduk\u00e7a zor. Benim a\u011fa\u00e7lar\u0131m\u0131n ya\u015flar\u0131 daha k\u00fc\u00e7\u00fck ama verim ve kalite a\u00e7\u0131s\u0131ndan \u00e7ok iyi. Havas\u0131, suyu, iklimi ve toprak yap\u0131s\u0131yla kestane \u00fcretimi \u00e7ok uygun.  B\u00f6lgemizin kestanesine talep \u00e7ok oluyor. Allah \u00fcr\u00fcn\u00fcm\u00fcz\u00fcn bereketini versin&#8221; diye konu\u015ftu.<\/p>\n<p>&#8220;\u00dcreticilerimiz in\u015fallah g\u00fczel bir sezon ge\u00e7irirler&#8221;<br \/>\n<br \/>\u00d6zellikle hafta sonlar\u0131 \u00fcreticilere yard\u0131m etmek amac\u0131yla b\u00f6lgeye geldi\u011fini belirten Remzi Hamamc\u0131o\u011flu, &#8220;Kestane \u00fcreticili\u011fi yapmak me\u015fakkatli bir i\u015f oldu\u011fu i\u00e7in yard\u0131m amac\u0131yla arkada\u015flar\u0131m\u0131n yan\u0131na geliyorum. Hem do\u011fada temiz hava al\u0131yor hem de arkada\u015flar\u0131ma yard\u0131m ediyorum. Bu y\u0131l ger\u00e7ekten de kestane verimi \u00e7ok iyi. Ad\u0131n\u0131, tad\u0131n\u0131 ve lezzetini T\u00fcrkiye\u2019de duymayan yok. \u00dcreticilerimiz in\u015fallah g\u00fczel bir sezon ge\u00e7irirler&#8221; dedi.<br \/><\/p>\n","protected":false},"excerpt":{"rendered":"<p>Denizli\u2019nin Buldan il\u00e7esinde co\u011frafi i\u015faretli \u015eekerci cinsi Aland\u0131z kestanesinde hasat ba\u015flad\u0131. Zor ve emek isteyen hasatta i\u015f\u00e7i bulmakta zorland\u0131klar\u0131n\u0131 belirten \u00fcreticiler, bu y\u0131l verimin iyi oldu\u011funu s\u00f6yl\u00fcyor. B\u00f6lge kestanesine yo\u011fun talep oldu\u011funu ifade eden \u00fcreticiler, bereketli bir sezon ge\u00e7irmeyi umut ediyor. Denizli\u2019nin Buldan il\u00e7esinde, Buldan Ziraat Odas\u0131 taraf\u0131ndan co\u011frafi i\u015faret patenti al\u0131nan d\u00fcnyaca \u00fcnl\u00fc \u015eekerci&#8230;<\/p>\n","protected":false},"author":1,"featured_media":65893,"comment_status":"open","ping_status":"open","sticky":false,"template":"","format":"standard","meta":{"_crdt_document":"","footnotes":""},"categories":[125],"tags":[],"class_list":["post-65892","post","type-post","status-publish","format-standard","has-post-thumbnail","hentry","category-ekonomi"],"_links":{"self":[{"href":"https:\/\/www.egemtv.com\/index.php?rest_route=\/wp\/v2\/posts\/65892","targetHints":{"allow":["GET"]}}],"collection":[{"href":"https:\/\/www.egemtv.com\/index.php?rest_route=\/wp\/v2\/posts"}],"about":[{"href":"https:\/\/www.egemtv.com\/index.php?rest_route=\/wp\/v2\/types\/post"}],"author":[{"embeddable":true,"href":"https:\/\/www.egemtv.com\/index.php?rest_route=\/wp\/v2\/users\/1"}],"replies":[{"embeddable":true,"href":"https:\/\/www.egemtv.com\/index.php?rest_route=%2Fwp%2Fv2%2Fcomments&post=65892"}],"version-history":[{"count":1,"href":"https:\/\/www.egemtv.com\/index.php?rest_route=\/wp\/v2\/posts\/65892\/revisions"}],"predecessor-version":[{"id":65894,"href":"https:\/\/www.egemtv.com\/index.php?rest_route=\/wp\/v2\/posts\/65892\/revisions\/65894"}],"wp:featuredmedia":[{"embeddable":true,"href":"https:\/\/www.egemtv.com\/index.php?rest_route=\/wp\/v2\/media\/65893"}],"wp:attachment":[{"href":"https:\/\/www.egemtv.com\/index.php?rest_route=%2Fwp%2Fv2%2Fmedia&parent=65892"}],"wp:term":[{"taxonomy":"category","embeddable":true,"href":"https:\/\/www.egemtv.com\/index.php?rest_route=%2Fwp%2Fv2%2Fcategories&post=65892"},{"taxonomy":"post_tag","embeddable":true,"href":"https:\/\/www.egemtv.com\/index.php?rest_route=%2Fwp%2Fv2%2Ftags&post=65892"}],"curies":[{"name":"wp","href":"https:\/\/api.w.org\/{rel}","templated":true}]}}