{"id":65889,"date":"2025-11-05T11:54:53","date_gmt":"2025-11-05T08:54:53","guid":{"rendered":"https:\/\/www.egemtv.com\/?p=65889"},"modified":"2025-11-05T11:54:55","modified_gmt":"2025-11-05T08:54:55","slug":"izmirde-yol-kontrolunde-uyusturucu-ele-gecirildi-2-gozalti","status":"publish","type":"post","link":"https:\/\/www.egemtv.com\/?p=65889","title":{"rendered":"\u0130zmir\u2019de yol kontrol\u00fcnde uyu\u015fturucu ele ge\u00e7irildi: 2 g\u00f6zalt\u0131"},"content":{"rendered":"<p>\u0130zmir\u2019in Gaziemir il\u00e7esinde polis ekipleri taraf\u0131ndan ger\u00e7ekle\u015ftirilen denetimlerde, bir ara\u00e7ta yap\u0131lan aramada 1 silah ile 300 gram uyu\u015fturucu madde ele ge\u00e7irildi. Olayla ilgili 2 \u015f\u00fcpheli g\u00f6zalt\u0131na al\u0131nd\u0131.<br \/>\n<br \/>\u0130l Emniyet M\u00fcd\u00fcrl\u00fc\u011f\u00fc\u2019ne ba\u011fl\u0131 Gaziemir \u0130l\u00e7e Emniyet M\u00fcd\u00fcrl\u00fc\u011f\u00fc ekiplerinin uyu\u015fturucuya y\u00f6nelik \u00e7al\u0131\u015fmalar\u0131 aral\u0131ks\u0131z s\u00fcr\u00fcyor. Bu kapsamda Torbal\u0131-Gaziemir kapama noktas\u0131nda ger\u00e7ekle\u015ftirilen denetimlerde \u015f\u00fcpheli bir ara\u00e7 durduruldu. Ara\u00e7ta yap\u0131lan aramalarda 300 gram metamfetamin, 1 adet 7.65 mm \u00e7ap\u0131nda tabanca ve 1 adet uyu\u015fturucu kullanma aparat\u0131 ele ge\u00e7irildi. Olayla ilgili ara\u00e7ta bulunan S.A. ve B.K. isimli \u015f\u00fcpheliler g\u00f6zalt\u0131na al\u0131nd\u0131. \u015e\u00fcpheliler, emniyetteki i\u015flemlerinin ard\u0131ndan adliyeye sevk edildi.<br \/><\/p>\n","protected":false},"excerpt":{"rendered":"<p>\u0130zmir\u2019in Gaziemir il\u00e7esinde polis ekipleri taraf\u0131ndan ger\u00e7ekle\u015ftirilen denetimlerde, bir ara\u00e7ta yap\u0131lan aramada 1 silah ile 300 gram uyu\u015fturucu madde ele ge\u00e7irildi. Olayla ilgili 2 \u015f\u00fcpheli g\u00f6zalt\u0131na al\u0131nd\u0131. \u0130l Emniyet M\u00fcd\u00fcrl\u00fc\u011f\u00fc\u2019ne ba\u011fl\u0131 Gaziemir \u0130l\u00e7e Emniyet M\u00fcd\u00fcrl\u00fc\u011f\u00fc ekiplerinin uyu\u015fturucuya y\u00f6nelik \u00e7al\u0131\u015fmalar\u0131 aral\u0131ks\u0131z s\u00fcr\u00fcyor. Bu kapsamda Torbal\u0131-Gaziemir kapama noktas\u0131nda ger\u00e7ekle\u015ftirilen denetimlerde \u015f\u00fcpheli bir ara\u00e7 durduruldu. Ara\u00e7ta yap\u0131lan aramalarda&#8230;<\/p>\n","protected":false},"author":1,"featured_media":65890,"comment_status":"open","ping_status":"open","sticky":false,"template":"","format":"standard","meta":{"_crdt_document":"","footnotes":""},"categories":[5],"tags":[],"class_list":["post-65889","post","type-post","status-publish","format-standard","has-post-thumbnail","hentry","category-asayis"],"_links":{"self":[{"href":"https:\/\/www.egemtv.com\/index.php?rest_route=\/wp\/v2\/posts\/65889","targetHints":{"allow":["GET"]}}],"collection":[{"href":"https:\/\/www.egemtv.com\/index.php?rest_route=\/wp\/v2\/posts"}],"about":[{"href":"https:\/\/www.egemtv.com\/index.php?rest_route=\/wp\/v2\/types\/post"}],"author":[{"embeddable":true,"href":"https:\/\/www.egemtv.com\/index.php?rest_route=\/wp\/v2\/users\/1"}],"replies":[{"embeddable":true,"href":"https:\/\/www.egemtv.com\/index.php?rest_route=%2Fwp%2Fv2%2Fcomments&post=65889"}],"version-history":[{"count":1,"href":"https:\/\/www.egemtv.com\/index.php?rest_route=\/wp\/v2\/posts\/65889\/revisions"}],"predecessor-version":[{"id":65891,"href":"https:\/\/www.egemtv.com\/index.php?rest_route=\/wp\/v2\/posts\/65889\/revisions\/65891"}],"wp:featuredmedia":[{"embeddable":true,"href":"https:\/\/www.egemtv.com\/index.php?rest_route=\/wp\/v2\/media\/65890"}],"wp:attachment":[{"href":"https:\/\/www.egemtv.com\/index.php?rest_route=%2Fwp%2Fv2%2Fmedia&parent=65889"}],"wp:term":[{"taxonomy":"category","embeddable":true,"href":"https:\/\/www.egemtv.com\/index.php?rest_route=%2Fwp%2Fv2%2Fcategories&post=65889"},{"taxonomy":"post_tag","embeddable":true,"href":"https:\/\/www.egemtv.com\/index.php?rest_route=%2Fwp%2Fv2%2Ftags&post=65889"}],"curies":[{"name":"wp","href":"https:\/\/api.w.org\/{rel}","templated":true}]}}